{"id":10545,"global_id":"new.bjc.ro?id=10545","global_id_lineage":["new.bjc.ro?id=10545"],"author":"1","status":"publish","date":"2025-03-28 11:23:41","date_utc":"2025-03-28 09:23:41","modified":"2025-03-28 11:25:42","modified_utc":"2025-03-28 09:25:42","url":"https:\/\/new.bjc.ro\/?tribe_events=2-aprilie-ziua-internationala-a-cartii-pentru-copii-si-tineret","rest_url":"https:\/\/new.bjc.ro\/index.php?rest_route=\/tribe\/events\/v1\/events\/10545","title":"2 aprilie: Ziua Interna\u021bional\u0103 a C\u0103r\u021bii pentru Copii \u0219i Tineret","description":"<p>Biblioteca Jude\u0163ean\u0103 \u201eOctavian Goga\u201d Cluj organizeaz\u0103, \u00een perioada 31 martie &#8211; 4 aprilie 2025, o serie de\u00a0 activit\u0103\u0163i dedicate Zilei Interna\u021bionale a C\u0103r\u021bii pentru Copii \u0219i Tineret, s\u0103rb\u0103torit\u0103 anual \u00een data de 2 aprilie, ca un omagiu adus scriitorului danez Hans Christian Andersen.<\/p>\n<p>Evenimentele dedicate acestei s\u0103rb\u0103tori a c\u0103r\u021bii pentru copii \u0219i tineret se vor desf\u0103\u0219ura at\u00e2t la sediul central al bibliotecii, c\u00e2t \u0219i la filialele de cartier, \u0219i vor cuprinde: \u00eent\u00e2lniri cu scriitori, ore de lectur\u0103 pentru copii \u00een limbile rom\u00e2n\u0103, englez\u0103 \u0219i maghiar\u0103, activit\u0103\u021bi educative cu diferite tematici, clubul curio\u0219ilor \u0219i programe de lectur\u0103 pentru \u00eentreaga familie.<\/p>\n<p>Programul complet al activit\u0103\u021bilor poate fi consultat <a href=\"https:\/\/new.bjc.ro\/wp-content\/uploads\/2025\/03\/Program-ZICCT-2025_final280525.pdf\">aici<\/a>.<\/p>","excerpt":"","slug":"2-aprilie-ziua-internationala-a-cartii-pentru-copii-si-tineret","image":{"url":"https:\/\/new.bjc.ro\/wp-content\/uploads\/2025\/03\/Afis-Ziua-Internationala-a-Cartii-pentru-Copii-280325.jpg","id":10546,"extension":"jpg","width":400,"height":566,"filesize":58395},"all_day":false,"start_date":"2025-03-31 08:00:00","start_date_details":{"year":"2025","month":"03","day":"31","hour":"08","minutes":"00","seconds":"00"},"end_date":"2025-04-04 17:00:00","end_date_details":{"year":"2025","month":"04","day":"04","hour":"17","minutes":"00","seconds":"00"},"utc_start_date":"2025-03-31 05:00:00","utc_start_date_details":{"year":"2025","month":"03","day":"31","hour":"05","minutes":"00","seconds":"00"},"utc_end_date":"2025-04-04 14:00:00","utc_end_date_details":{"year":"2025","month":"04","day":"04","hour":"14","minutes":"00","seconds":"00"},"timezone":"Europe\/Bucharest","timezone_abbr":"EEST","cost":"","cost_details":{"currency_symbol":"$","currency_code":"USD","currency_position":"prefix","values":[]},"website":"","show_map":true,"show_map_link":true,"hide_from_listings":false,"sticky":false,"featured":false,"categories":[{"name":"Evenimente","slug":"evenimente","term_group":0,"term_taxonomy_id":28,"taxonomy":"tribe_events_cat","description":"","parent":0,"count":194,"filter":"raw","id":28,"urls":{"self":"https:\/\/new.bjc.ro\/index.php?rest_route=\/tribe\/events\/v1\/categories\/28","collection":"https:\/\/new.bjc.ro\/index.php?rest_route=\/tribe\/events\/v1\/categories"}}],"tags":[{"name":"Ziua Interna\u021bional\u0103 a C\u0103r\u0163ii pentru Copii \u0219i Tineret","slug":"ziua-internationala-a-cartii-pentru-copii-si-tineret","term_group":0,"term_taxonomy_id":195,"taxonomy":"post_tag","description":"","parent":0,"count":3,"filter":"raw","id":195,"urls":{"self":"https:\/\/new.bjc.ro\/index.php?rest_route=\/tribe\/events\/v1\/tags\/195","collection":"https:\/\/new.bjc.ro\/index.php?rest_route=\/tribe\/events\/v1\/tags"}}],"venue":{"id":6258,"author":"2","status":"publish","date":"2023-03-10 14:23:29","date_utc":"2023-03-10 12:23:29","modified":"2023-03-10 15:01:41","modified_utc":"2023-03-10 13:01:41","url":"https:\/\/new.bjc.ro\/?tribe_venue=biblioteca-judeteana-octavian-goga-cluj-sectia-pentru-copii","venue":"Biblioteca Jude\u021bean\u0103 \u201eOctavian Goga&#8221; Cluj, Sec\u021bia pentru copii","slug":"biblioteca-judeteana-octavian-goga-cluj-sectia-pentru-copii","address":"Calea Doroban\u021bilor nr. 104, parter est","city":"Cluj-Napoca","country":"Romania","phone":"+40-264-430323","json_ld":{"@type":"Place","name":"Biblioteca Jude\u021bean\u0103 \u201eOctavian Goga&#8221; Cluj, Sec\u021bia pentru copii","description":"","url":"","address":{"@type":"PostalAddress","streetAddress":"Calea Doroban\u021bilor nr. 104, parter est","addressLocality":"Cluj-Napoca","addressCountry":"Romania"},"telephone":"+40-264-430323","sameAs":""},"show_map":true,"show_map_link":true,"global_id":"new.bjc.ro?id=6258","global_id_lineage":["new.bjc.ro?id=6258"]},"organizer":[{"id":2810,"author":"1","status":"publish","date":"2022-11-25 11:43:24","date_utc":"2022-11-25 11:43:24","modified":"2023-05-31 11:13:00","modified_utc":"2023-05-31 08:13:00","url":"https:\/\/new.bjc.ro\/?tribe_organizer=biblioteca-judeteana-octavian-goga-cluj","organizer":"Biblioteca Jude\u021bean\u0103 \u201eOctavian Goga\u201d Cluj","slug":"biblioteca-judeteana-octavian-goga-cluj","email":"bjc[at]bjc.ro","json_ld":{"@type":"Person","name":"Biblioteca Jude\u021bean\u0103 \u201eOctavian Goga\u201d Cluj","description":"","url":"","telephone":"","email":"b&#106;&#99;&#91;&#97;t]b&#106;c&#46;r&#111;","sameAs":""},"global_id":"new.bjc.ro?id=2810","global_id_lineage":["new.bjc.ro?id=2810"]}],"custom_fields":[],"json_ld":{"@context":"http:\/\/schema.org","@type":"Event","name":"2 aprilie: Ziua Interna\u021bional\u0103 a C\u0103r\u021bii pentru Copii \u0219i Tineret","description":"&lt;p&gt;Biblioteca Jude\u0163ean\u0103 \u201eOctavian Goga\u201d Cluj organizeaz\u0103, \u00een perioada 31 martie - 4 aprilie 2025, o serie de\u00a0 activit\u0103\u0163i dedicate Zilei Interna\u021bionale a C\u0103r\u021bii pentru Copii \u0219i Tineret, s\u0103rb\u0103torit\u0103 anual \u00een data de 2 aprilie, ca un omagiu adus scriitorului danez Hans Christian Andersen. Evenimentele dedicate acestei s\u0103rb\u0103tori a c\u0103r\u021bii pentru&hellip; &lt;br \/&gt; &lt;a class=&quot;read-more&quot; href=&quot;https:\/\/new.bjc.ro\/?tribe_events=2-aprilie-ziua-internationala-a-cartii-pentru-copii-si-tineret&quot;&gt;Cite\u0219te mai mult&lt;\/a&gt;&lt;\/p&gt;\\n","image":"https:\/\/new.bjc.ro\/wp-content\/uploads\/2025\/03\/Afis-Ziua-Internationala-a-Cartii-pentru-Copii-280325.jpg","url":"https:\/\/new.bjc.ro\/?tribe_events=2-aprilie-ziua-internationala-a-cartii-pentru-copii-si-tineret","eventAttendanceMode":"https:\/\/schema.org\/OfflineEventAttendanceMode","eventStatus":"https:\/\/schema.org\/EventScheduled","startDate":"2025-03-31T08:00:00+03:00","endDate":"2025-04-04T17:00:00+03:00","location":{"@type":"Place","name":"Biblioteca Jude\u021bean\u0103 \u201eOctavian Goga&#8221; Cluj, Sec\u021bia pentru copii","description":"","url":"","address":{"@type":"PostalAddress","streetAddress":"Calea Doroban\u021bilor nr. 104, parter est","addressLocality":"Cluj-Napoca","addressCountry":"Romania"},"telephone":"+40-264-430323","sameAs":""},"organizer":{"@type":"Person","name":"Biblioteca Jude\u021bean\u0103 \u201eOctavian Goga\u201d Cluj","description":"","url":"","telephone":"","email":"&#98;&#106;&#99;[at&#93;&#98;&#106;&#99;.r&#111;","sameAs":""},"performer":"Organization"}}