{"id":10910,"global_id":"new.bjc.ro?id=10910","global_id_lineage":["new.bjc.ro?id=10910"],"author":"7","status":"publish","date":"2025-07-11 08:54:07","date_utc":"2025-07-11 05:54:07","modified":"2025-07-11 08:54:07","modified_utc":"2025-07-11 05:54:07","url":"https:\/\/new.bjc.ro\/?tribe_events=irasterapia-a-gyakorlatban-terapia-prin-scris-in-practica","rest_url":"https:\/\/new.bjc.ro\/index.php?rest_route=\/tribe\/events\/v1\/events\/10910","title":"\u00cdr\u00e1ster\u00e1pia a gyakorlatban \u2013 Terapia prin scris \u00een practic\u0103","description":"<p><strong>\u00cdr\u00e1ster\u00e1pia a gyakorlatban \u2013 feln\u0151tteknek\u00a0 sz\u00f3l\u00f3 \u00edr\u00e1ster\u00e1pi\u00e1s m\u0171helyfoglalkoz\u00e1s<\/strong><\/p>\n<p>A ter\u00e1pi\u00e1s \u00edr\u00e1s klinikailag is elismert stresszcs\u00f6kkent\u0151, immuner\u0151s\u00edt\u0151 \u00e9s traumafeldolgoz\u00f3 ter\u00e1pi\u00e1s m\u00f3dszer. Milyen ter\u00fcleteken alkalmazz\u00e1k sikerrel az \u00edr\u00e1ster\u00e1pi\u00e1t? Hogyan seg\u00edt az \u00edr\u00e1ster\u00e1pia? Hol \u00e9s hogyan lehet elsaj\u00e1t\u00edtani ezt a m\u00f3dszert? Melyek a val\u00f3s \u00e9s val\u00f3tlan hiedelmeink az \u00edr\u00e1ssal kapcsolatban? Hogyan viszonyul a ter\u00e1pi\u00e1s \u00edr\u00e1s a kreat\u00edv \u00edr\u00e1shoz? Erre \u00e9s sok hasonl\u00f3 k\u00e9rd\u00e9sre v\u00e1laszol dr. Mikola Emese \u00edr\u00e1sterapeuta egy gyakorlati bemutat\u00f3val egybek\u00f6t\u00f6tt el\u0151ad\u00e1s sor\u00e1n.\u00a0 A rendezv\u00e9nyre a XVI. Kolozsv\u00e1ri Magyar Napok keret\u00e9n bel\u00fcl ker\u00fcl sor, a Kincses Kolozsv\u00e1r Egyes\u00fclet t\u00e1rsszervez\u00e9s\u00e9ben.<\/p>\n<p>Szeretettel v\u00e1runk mindenkit 2025. augusztus 21-\u00e9n,\u00a0 12.00\u00a0 \u00f3rakor az Octavian Goga Kolozs Megyei K\u00f6nyvt\u00e1r Multikultur\u00e1lis r\u00e9szleg\u00e9n!<\/p>\n<p>Az esem\u00e9nyen val\u00f3 r\u00e9szv\u00e9tel ingyenes.<\/p>\n<p><strong>Terapia prin scris \u00een practic\u0103 \u2013 atelier de scriere terapeutic<\/strong><strong>\u0103 destinat adul\u021bilor, \u00een limba maghiar\u0103<\/strong><\/p>\n<p>Terapia prin scris este o metod\u0103 recunoscut\u0103 clinic av\u00e2nd ca scop reducerea stresului, \u00eembun\u0103t\u0103\u021birea sistemului imunitar, fiind \u00een acela\u0219i timp un instrument psihologic eficient \u00een tratamentul traumei. \u00cen ce domenii este aplicat\u0103 cu succes \u0219i cum ne ajut\u0103 terapia prin scris? Ce convingeri legate de scris au infirmat sau au confirmat cercet\u0103torii? Care este leg\u0103tura \u00eentre scrierea terapeutic\u0103 \u0219i scrierea creativ\u0103? R\u0103spunsurile la aceste \u00eentreb\u0103ri ne vor fi oferite de c\u0103tre specialistul \u00een scriere terapeutic\u0103, dr. Mikola Emese \u00een cadrul unei atelier practic, sus\u021binut \u00een limba maghiar\u0103. Evenimentul este organizat \u00een parteneriat cu Asocia\u021bia Clujul Comoar\u0103, \u00een cadrul Zilelor Culturale Maghiare, edi\u021bia a XVI-a.<\/p>\n<p>V\u0103 a\u0219tept\u0103m cu drag\u00a0\u00een data de 21 august, ora 12.00, la Sala multicultural\u0103 a Bibliotecii Jude\u021bene \u201eOctavian Goga\u201d Cluj, etaj 3 vest!<\/p>\n<p>Participarea la eveniment este gratuit\u0103.<\/p>","excerpt":"","slug":"irasterapia-a-gyakorlatban-terapia-prin-scris-in-practica","image":{"url":"https:\/\/new.bjc.ro\/wp-content\/uploads\/2025\/07\/Eveniment-Zilele-Culturale-Maghiare-BJC-21-august-SM.jpg","id":10911,"extension":"jpg","width":400,"height":566,"filesize":208967},"all_day":false,"start_date":"2025-08-21 12:00:00","start_date_details":{"year":"2025","month":"08","day":"21","hour":"12","minutes":"00","seconds":"00"},"end_date":"2025-08-21 16:00:00","end_date_details":{"year":"2025","month":"08","day":"21","hour":"16","minutes":"00","seconds":"00"},"utc_start_date":"2025-08-21 09:00:00","utc_start_date_details":{"year":"2025","month":"08","day":"21","hour":"09","minutes":"00","seconds":"00"},"utc_end_date":"2025-08-21 13:00:00","utc_end_date_details":{"year":"2025","month":"08","day":"21","hour":"13","minutes":"00","seconds":"00"},"timezone":"Europe\/Bucharest","timezone_abbr":"EEST","cost":"","cost_details":{"currency_symbol":"$","currency_code":"USD","currency_position":"prefix","values":[]},"website":"","show_map":true,"show_map_link":true,"hide_from_listings":false,"sticky":false,"featured":false,"categories":[{"name":"Ateliere","slug":"ateliere","term_group":0,"term_taxonomy_id":51,"taxonomy":"tribe_events_cat","description":"","parent":0,"count":85,"filter":"raw","id":51,"urls":{"self":"https:\/\/new.bjc.ro\/index.php?rest_route=\/tribe\/events\/v1\/categories\/51","collection":"https:\/\/new.bjc.ro\/index.php?rest_route=\/tribe\/events\/v1\/categories"}}],"tags":[{"name":"\u00cdr\u00e1ster\u00e1pia a gyakorlatban","slug":"irasterapia-a-gyakorlatban","term_group":0,"term_taxonomy_id":269,"taxonomy":"post_tag","description":"","parent":0,"count":1,"filter":"raw","id":269,"urls":{"self":"https:\/\/new.bjc.ro\/index.php?rest_route=\/tribe\/events\/v1\/tags\/269","collection":"https:\/\/new.bjc.ro\/index.php?rest_route=\/tribe\/events\/v1\/tags"}},{"name":"Scrierea terapeutic\u0103","slug":"scrierea-terapeutica","term_group":0,"term_taxonomy_id":270,"taxonomy":"post_tag","description":"","parent":0,"count":1,"filter":"raw","id":270,"urls":{"self":"https:\/\/new.bjc.ro\/index.php?rest_route=\/tribe\/events\/v1\/tags\/270","collection":"https:\/\/new.bjc.ro\/index.php?rest_route=\/tribe\/events\/v1\/tags"}}],"venue":{"id":8131,"author":"1","status":"publish","date":"2023-10-13 08:03:36","date_utc":"2023-10-13 05:03:36","modified":"2023-10-13 08:05:16","modified_utc":"2023-10-13 05:05:16","url":"https:\/\/new.bjc.ro\/?tribe_venue=sala-multiculturala-etaj-3-vest","venue":"Biblioteca Jude\u021bean\u0103 \u201eOctavian Goga&#8221; Cluj, Sala multicultural\u0103, etaj 3 vest","slug":"sala-multiculturala-etaj-3-vest","address":"Calea Doroban\u021bilor nr.104","city":"Cluj-Napoca","json_ld":{"@type":"Place","name":"Biblioteca Jude\u021bean\u0103 \u201eOctavian Goga&#8221; Cluj, Sala multicultural\u0103, etaj 3 vest","description":"","url":"","address":{"@type":"PostalAddress","streetAddress":"Calea Doroban\u021bilor nr.104","addressLocality":"Cluj-Napoca"},"telephone":"","sameAs":""},"show_map":true,"show_map_link":true,"global_id":"new.bjc.ro?id=8131","global_id_lineage":["new.bjc.ro?id=8131"]},"organizer":[{"id":2810,"author":"1","status":"publish","date":"2022-11-25 11:43:24","date_utc":"2022-11-25 11:43:24","modified":"2023-05-31 11:13:00","modified_utc":"2023-05-31 08:13:00","url":"https:\/\/new.bjc.ro\/?tribe_organizer=biblioteca-judeteana-octavian-goga-cluj","organizer":"Biblioteca Jude\u021bean\u0103 \u201eOctavian Goga\u201d Cluj","slug":"biblioteca-judeteana-octavian-goga-cluj","email":"bjc[at]bjc.ro","json_ld":{"@type":"Person","name":"Biblioteca Jude\u021bean\u0103 \u201eOctavian Goga\u201d Cluj","description":"","url":"","telephone":"","email":"&#98;&#106;&#99;&#91;a&#116;&#93;bj&#99;.ro","sameAs":""},"global_id":"new.bjc.ro?id=2810","global_id_lineage":["new.bjc.ro?id=2810"]}],"custom_fields":[],"json_ld":{"@context":"http:\/\/schema.org","@type":"Event","name":"\u00cdr\u00e1ster\u00e1pia a gyakorlatban \u2013 Terapia prin scris \u00een practic\u0103","description":"&lt;p&gt;\u00cdr\u00e1ster\u00e1pia a gyakorlatban \u2013 feln\u0151tteknek\u00a0 sz\u00f3l\u00f3 \u00edr\u00e1ster\u00e1pi\u00e1s m\u0171helyfoglalkoz\u00e1s A ter\u00e1pi\u00e1s \u00edr\u00e1s klinikailag is elismert stresszcs\u00f6kkent\u0151, immuner\u0151s\u00edt\u0151 \u00e9s traumafeldolgoz\u00f3 ter\u00e1pi\u00e1s m\u00f3dszer. Milyen ter\u00fcleteken alkalmazz\u00e1k sikerrel az \u00edr\u00e1ster\u00e1pi\u00e1t? Hogyan seg\u00edt az \u00edr\u00e1ster\u00e1pia? Hol \u00e9s hogyan lehet elsaj\u00e1t\u00edtani ezt a m\u00f3dszert? Melyek a val\u00f3s \u00e9s val\u00f3tlan hiedelmeink az \u00edr\u00e1ssal kapcsolatban? Hogyan viszonyul a&hellip; &lt;br \/&gt; &lt;a class=&quot;read-more&quot; href=&quot;https:\/\/new.bjc.ro\/?tribe_events=irasterapia-a-gyakorlatban-terapia-prin-scris-in-practica&quot;&gt;Cite\u0219te mai mult&lt;\/a&gt;&lt;\/p&gt;\\n","image":"https:\/\/new.bjc.ro\/wp-content\/uploads\/2025\/07\/Eveniment-Zilele-Culturale-Maghiare-BJC-21-august-SM.jpg","url":"https:\/\/new.bjc.ro\/?tribe_events=irasterapia-a-gyakorlatban-terapia-prin-scris-in-practica","eventAttendanceMode":"https:\/\/schema.org\/OfflineEventAttendanceMode","eventStatus":"https:\/\/schema.org\/EventScheduled","startDate":"2025-08-21T12:00:00+03:00","endDate":"2025-08-21T16:00:00+03:00","location":{"@type":"Place","name":"Biblioteca Jude\u021bean\u0103 \u201eOctavian Goga&#8221; Cluj, Sala multicultural\u0103, etaj 3 vest","description":"","url":"","address":{"@type":"PostalAddress","streetAddress":"Calea Doroban\u021bilor nr.104","addressLocality":"Cluj-Napoca"},"telephone":"","sameAs":""},"organizer":{"@type":"Person","name":"Biblioteca Jude\u021bean\u0103 \u201eOctavian Goga\u201d Cluj","description":"","url":"","telephone":"","email":"bj&#99;[a&#116;&#93;bj&#99;.&#114;o","sameAs":""},"performer":"Organization"}}