{"id":11488,"global_id":"new.bjc.ro?id=11488","global_id_lineage":["new.bjc.ro?id=11488"],"author":"1","status":"publish","date":"2025-12-16 12:09:58","date_utc":"2025-12-16 10:09:58","modified":"2025-12-16 12:09:58","modified_utc":"2025-12-16 10:09:58","url":"https:\/\/new.bjc.ro\/?tribe_events=povestiri-fotografice-nuante-de-negru","rest_url":"https:\/\/new.bjc.ro\/index.php?rest_route=\/tribe\/events\/v1\/events\/11488","title":"Povestiri Fotografice: Nuante de negru","description":"<p>V\u0103 invit\u0103m s\u0103 participa\u021bi la o nou\u0103 \u00eent\u00e2lnire din seria \u201ePovestiri fotografice&#8221;, \u00eent\u00e2lnire ce va avea loc \u00een data de 17 decembrie 2025, de la ora 18:00, \u00een Sala de art\u0103 a bibliotecii.<\/p>\n<p>\u00cen inima unui sezon plin de str\u0103lucire, <strong>expozi\u021bia de fotografie \u201eNuante de negru&#8221;<\/strong> este o pauz\u0103. O escal\u0103 de contempla\u021bie \u00eenainte de a fi cople\u0219i\u021bi de culoare.<\/p>\n<p>Cr\u0103ciunul este despre lumin\u0103, iar orice lumin\u0103 are nevoie de un fundal pentru a str\u0103luci. \u00cen aceast\u0103 expozi\u021bie, negrul este acel fundal necesar \u2013 un spa\u021biu profund unde detaliul, textura \u0219i nuan\u021ba cap\u0103t\u0103 voce.<\/p>\n<p>De la catifeaua nop\u021bii la cenu\u0219iul amiezilor de iarn\u0103, fiecare nuan\u021b\u0103 de negru vorbe\u0219te despre profunzime, mister \u0219i lini\u0219tea a\u0219teptat\u0103 din preajma s\u0103rb\u0103torilor. Este o invita\u021bie de a descoperi bog\u0103\u021bia care se ascunde \u00een aparentul gol \u0219i de a proiecta pe aceast\u0103 p\u00e2nz\u0103 \u00eentunecat\u0103 propria lumin\u0103 interioar\u0103.<\/p>\n<p>Fotoclubul InLight este o comunitate de fotografi pasiona\u021bi, \u00eenfiin\u021bat\u0103 \u00een ianuarie 2025. Numele nostru, adoptat \u00een septembrie 2025, este o filosofie: a fi \u00een lumin\u0103 \u00eenseamn\u0103 a c\u0103uta autenticitatea. Scopul nostru este simplu \u0219i ambi\u021bios: s\u0103 cre\u0219tem ca fotografi, ca arti\u0219ti \u0219i ca comunitate. Organiz\u0103m activit\u0103\u021bi practice \u0219i educative pentru a ne \u00eembun\u0103t\u0103\u021bi tehnica, a ne stimula creativitatea \u0219i a ne conecta prin obiectivul comun al fotografiei.<\/p>\n<p>Activit\u0103\u021bile sunt destinate utilizatorilor adul\u021bi ai bibliotecii \u0219i sunt gratuite pe baza Permisului de intrare la bibliotec\u0103.<\/p>\n<p>Informa\u021bii suplimentare se pot ob\u021bine la telefon 0264 430434, e-mail: adulti[at]bjc.ro<\/p>\n<p>V\u0103 a\u0219tept\u0103m!<\/p>\n<p>&nbsp;<\/p>","excerpt":"","slug":"povestiri-fotografice-nuante-de-negru","image":{"url":"https:\/\/new.bjc.ro\/wp-content\/uploads\/2025\/12\/afis-Povestiri-fotografice_17_12_2025.jpg","id":11489,"extension":"jpg","width":400,"height":500,"filesize":46709},"all_day":false,"start_date":"2025-12-17 18:00:00","start_date_details":{"year":"2025","month":"12","day":"17","hour":"18","minutes":"00","seconds":"00"},"end_date":"2025-12-17 20:00:00","end_date_details":{"year":"2025","month":"12","day":"17","hour":"20","minutes":"00","seconds":"00"},"utc_start_date":"2025-12-17 16:00:00","utc_start_date_details":{"year":"2025","month":"12","day":"17","hour":"16","minutes":"00","seconds":"00"},"utc_end_date":"2025-12-17 18:00:00","utc_end_date_details":{"year":"2025","month":"12","day":"17","hour":"18","minutes":"00","seconds":"00"},"timezone":"Europe\/Bucharest","timezone_abbr":"EET","cost":"","cost_details":{"currency_symbol":"$","currency_code":"USD","currency_position":"prefix","values":[]},"website":"","show_map":true,"show_map_link":true,"hide_from_listings":false,"sticky":false,"featured":false,"categories":[{"name":"Expozi\u021bie","slug":"expozitie","term_group":0,"term_taxonomy_id":94,"taxonomy":"tribe_events_cat","description":"","parent":0,"count":47,"filter":"raw","id":94,"urls":{"self":"https:\/\/new.bjc.ro\/index.php?rest_route=\/tribe\/events\/v1\/categories\/94","collection":"https:\/\/new.bjc.ro\/index.php?rest_route=\/tribe\/events\/v1\/categories"}}],"tags":[{"name":"Povestiri fotografice","slug":"povestiri-fotografice","term_group":0,"term_taxonomy_id":211,"taxonomy":"post_tag","description":"","parent":0,"count":11,"filter":"raw","id":211,"urls":{"self":"https:\/\/new.bjc.ro\/index.php?rest_route=\/tribe\/events\/v1\/tags\/211","collection":"https:\/\/new.bjc.ro\/index.php?rest_route=\/tribe\/events\/v1\/tags"}}],"venue":{"id":6233,"author":"2","status":"publish","date":"2023-03-10 14:10:52","date_utc":"2023-03-10 12:10:52","modified":"2024-12-30 08:33:46","modified_utc":"2024-12-30 06:33:46","url":"https:\/\/new.bjc.ro\/?tribe_venue=biblioteca-judeteana-octavian-goga-cluj-sectia-de-arta","venue":"Biblioteca Jude\u021bean\u0103 \u201eOctavian Goga\u201d Cluj, Sala de art\u0103","slug":"biblioteca-judeteana-octavian-goga-cluj-sectia-de-arta","address":"Calea Doroban\u021bilor nr. 104, etajul V est","city":"Cluj-Napoca","phone":"+40-264-430323","json_ld":{"@type":"Place","name":"Biblioteca Jude\u021bean\u0103 \u201eOctavian Goga\u201d Cluj, Sala de art\u0103","description":"","url":"","address":{"@type":"PostalAddress","streetAddress":"Calea Doroban\u021bilor nr. 104, etajul V est","addressLocality":"Cluj-Napoca"},"telephone":"+40-264-430323","sameAs":""},"show_map":true,"show_map_link":true,"global_id":"new.bjc.ro?id=6233","global_id_lineage":["new.bjc.ro?id=6233"]},"organizer":[{"id":2810,"author":"1","status":"publish","date":"2022-11-25 11:43:24","date_utc":"2022-11-25 11:43:24","modified":"2023-05-31 11:13:00","modified_utc":"2023-05-31 08:13:00","url":"https:\/\/new.bjc.ro\/?tribe_organizer=biblioteca-judeteana-octavian-goga-cluj","organizer":"Biblioteca Jude\u021bean\u0103 \u201eOctavian Goga\u201d Cluj","slug":"biblioteca-judeteana-octavian-goga-cluj","email":"bjc[at]bjc.ro","json_ld":{"@type":"Person","name":"Biblioteca Jude\u021bean\u0103 \u201eOctavian Goga\u201d Cluj","description":"","url":"","telephone":"","email":"b&#106;&#99;&#91;&#97;t]&#98;&#106;&#99;&#46;&#114;&#111;","sameAs":""},"global_id":"new.bjc.ro?id=2810","global_id_lineage":["new.bjc.ro?id=2810"]}],"custom_fields":[],"json_ld":{"@context":"http:\/\/schema.org","@type":"Event","name":"Povestiri Fotografice: Nuante de negru","description":"&lt;p&gt;V\u0103 invit\u0103m s\u0103 participa\u021bi la o nou\u0103 \u00eent\u00e2lnire din seria \u201ePovestiri fotografice&quot;, \u00eent\u00e2lnire ce va avea loc \u00een data de 17 decembrie 2025, de la ora 18:00, \u00een Sala de art\u0103 a bibliotecii. \u00cen inima unui sezon plin de str\u0103lucire, expozi\u021bia de fotografie \u201eNuante de negru&quot; este o pauz\u0103. O&hellip; &lt;br \/&gt; &lt;a class=&quot;read-more&quot; href=&quot;https:\/\/new.bjc.ro\/?tribe_events=povestiri-fotografice-nuante-de-negru&quot;&gt;Cite\u0219te mai mult&lt;\/a&gt;&lt;\/p&gt;\\n","image":"https:\/\/new.bjc.ro\/wp-content\/uploads\/2025\/12\/afis-Povestiri-fotografice_17_12_2025.jpg","url":"https:\/\/new.bjc.ro\/?tribe_events=povestiri-fotografice-nuante-de-negru","eventAttendanceMode":"https:\/\/schema.org\/OfflineEventAttendanceMode","eventStatus":"https:\/\/schema.org\/EventScheduled","startDate":"2025-12-17T18:00:00+02:00","endDate":"2025-12-17T20:00:00+02:00","location":{"@type":"Place","name":"Biblioteca Jude\u021bean\u0103 \u201eOctavian Goga\u201d Cluj, Sala de art\u0103","description":"","url":"","address":{"@type":"PostalAddress","streetAddress":"Calea Doroban\u021bilor nr. 104, etajul V est","addressLocality":"Cluj-Napoca"},"telephone":"+40-264-430323","sameAs":""},"organizer":{"@type":"Person","name":"Biblioteca Jude\u021bean\u0103 \u201eOctavian Goga\u201d Cluj","description":"","url":"","telephone":"","email":"b&#106;&#99;&#91;&#97;t&#93;b&#106;c&#46;&#114;o","sameAs":""},"performer":"Organization"}}