{"id":11620,"global_id":"new.bjc.ro?id=11620","global_id_lineage":["new.bjc.ro?id=11620"],"author":"1","status":"publish","date":"2026-01-09 12:30:13","date_utc":"2026-01-09 10:30:13","modified":"2026-01-09 13:01:37","modified_utc":"2026-01-09 11:01:37","url":"https:\/\/new.bjc.ro\/?tribe_events=expozitia-gand-pentru-eminescu","rest_url":"https:\/\/new.bjc.ro\/index.php?rest_route=\/tribe\/events\/v1\/events\/11620","title":"Expozi\u021bia &#8222;G\u00e2nd pentru Eminescu&#8221;","description":"<p>Expozi\u021bia &#8222;G\u00e2nd pentru Eminescu&#8221; asociaz\u0103 versul eminescian cu fotografia realizat\u0103 de c\u0103tre Mircea Albu, Asocia\u021bia ArtImage Cluj-Napoca.<\/p>\n<p>Expozi\u021bia poate fi vizionat\u0103 \u00een perioada 12-19 ianuarie 2026, \u00een foaierul Bibliotecii Jude\u021bene \u201dOctavian Goga\u201d Cluj.<\/p>","excerpt":"","slug":"expozitia-gand-pentru-eminescu","image":{"url":"https:\/\/new.bjc.ro\/wp-content\/uploads\/2026\/01\/Gand-2.jpg","id":11627,"extension":"jpg","width":533,"height":400,"filesize":96135},"all_day":false,"start_date":"2026-01-12 08:00:00","start_date_details":{"year":"2026","month":"01","day":"12","hour":"08","minutes":"00","seconds":"00"},"end_date":"2026-01-19 20:00:00","end_date_details":{"year":"2026","month":"01","day":"19","hour":"20","minutes":"00","seconds":"00"},"utc_start_date":"2026-01-12 06:00:00","utc_start_date_details":{"year":"2026","month":"01","day":"12","hour":"06","minutes":"00","seconds":"00"},"utc_end_date":"2026-01-19 18:00:00","utc_end_date_details":{"year":"2026","month":"01","day":"19","hour":"18","minutes":"00","seconds":"00"},"timezone":"Europe\/Bucharest","timezone_abbr":"EET","cost":"","cost_details":{"currency_symbol":"$","currency_code":"USD","currency_position":"prefix","values":[]},"website":"","show_map":true,"show_map_link":true,"hide_from_listings":false,"sticky":false,"featured":false,"categories":[{"name":"Expozi\u021bie","slug":"expozitie","term_group":0,"term_taxonomy_id":94,"taxonomy":"tribe_events_cat","description":"","parent":0,"count":47,"filter":"raw","id":94,"urls":{"self":"https:\/\/new.bjc.ro\/index.php?rest_route=\/tribe\/events\/v1\/categories\/94","collection":"https:\/\/new.bjc.ro\/index.php?rest_route=\/tribe\/events\/v1\/categories"}}],"tags":[{"name":"expozi\u021bie de fotografie","slug":"expozitie-de-fotografie","term_group":0,"term_taxonomy_id":160,"taxonomy":"post_tag","description":"","parent":0,"count":20,"filter":"raw","id":160,"urls":{"self":"https:\/\/new.bjc.ro\/index.php?rest_route=\/tribe\/events\/v1\/tags\/160","collection":"https:\/\/new.bjc.ro\/index.php?rest_route=\/tribe\/events\/v1\/tags"}}],"venue":{"id":3721,"author":"2","status":"publish","date":"2023-01-19 15:26:22","date_utc":"2023-01-19 13:26:22","modified":"2023-03-10 14:56:23","modified_utc":"2023-03-10 12:56:23","url":"https:\/\/new.bjc.ro\/?tribe_venue=biblioteca-judeteana-octavian-goga-cluj-2","venue":"Biblioteca Jude\u021bean\u0103 &#8222;Octavian Goga&#8221; Cluj","slug":"biblioteca-judeteana-octavian-goga-cluj-2","address":"Calea Doroban\u021bilor nr. 104","city":"Cluj-Napoca","country":"Romania","json_ld":{"@type":"Place","name":"Biblioteca Jude\u021bean\u0103 &#8222;Octavian Goga&#8221; Cluj","description":"","url":"","address":{"@type":"PostalAddress","streetAddress":"Calea Doroban\u021bilor nr. 104","addressLocality":"Cluj-Napoca","addressCountry":"Romania"},"telephone":"","sameAs":""},"show_map":true,"show_map_link":true,"global_id":"new.bjc.ro?id=3721","global_id_lineage":["new.bjc.ro?id=3721"]},"organizer":[{"id":6744,"author":"2","status":"publish","date":"2023-03-15 10:07:05","date_utc":"2023-03-15 08:07:05","modified":"2023-03-15 10:07:05","modified_utc":"2023-03-15 08:07:05","url":"https:\/\/new.bjc.ro\/?tribe_organizer=asociatia-artimage-cluj-napoca","organizer":"Asocia\u021bia ArtImage Cluj-Napoca","slug":"asociatia-artimage-cluj-napoca","json_ld":{"@type":"Person","name":"Asocia\u021bia ArtImage Cluj-Napoca","description":"","url":"","telephone":"","email":"","sameAs":""},"global_id":"new.bjc.ro?id=6744","global_id_lineage":["new.bjc.ro?id=6744"]}],"custom_fields":[],"json_ld":{"@context":"http:\/\/schema.org","@type":"Event","name":"Expozi\u021bia &#8222;G\u00e2nd pentru Eminescu&#8221;","description":"&lt;p&gt;Expozi\u021bia &quot;G\u00e2nd pentru Eminescu&quot; asociaz\u0103 versul eminescian cu fotografia realizat\u0103 de c\u0103tre Mircea Albu, Asocia\u021bia ArtImage Cluj-Napoca. Expozi\u021bia poate fi vizionat\u0103 \u00een perioada 12-19 ianuarie 2026, \u00een foaierul Bibliotecii Jude\u021bene \u201dOctavian Goga\u201d Cluj.&lt;\/p&gt;\\n","image":"https:\/\/new.bjc.ro\/wp-content\/uploads\/2026\/01\/Gand-2.jpg","url":"https:\/\/new.bjc.ro\/?tribe_events=expozitia-gand-pentru-eminescu","eventAttendanceMode":"https:\/\/schema.org\/OfflineEventAttendanceMode","eventStatus":"https:\/\/schema.org\/EventScheduled","startDate":"2026-01-12T08:00:00+02:00","endDate":"2026-01-19T20:00:00+02:00","location":{"@type":"Place","name":"Biblioteca Jude\u021bean\u0103 &#8222;Octavian Goga&#8221; Cluj","description":"","url":"","address":{"@type":"PostalAddress","streetAddress":"Calea Doroban\u021bilor nr. 104","addressLocality":"Cluj-Napoca","addressCountry":"Romania"},"telephone":"","sameAs":""},"organizer":{"@type":"Person","name":"Asocia\u021bia ArtImage Cluj-Napoca","description":"","url":"","telephone":"","email":"","sameAs":""},"performer":"Organization"}}