{"id":11884,"global_id":"new.bjc.ro?id=11884","global_id_lineage":["new.bjc.ro?id=11884"],"author":"1","status":"publish","date":"2026-03-06 11:17:30","date_utc":"2026-03-06 09:17:30","modified":"2026-03-06 11:17:30","modified_utc":"2026-03-06 09:17:30","url":"https:\/\/new.bjc.ro\/?tribe_events=batalia-cartilor-club-de-lectura-destinat-adultilor-sectiunea-in-limba-maghiara-2","rest_url":"https:\/\/new.bjc.ro\/index.php?rest_route=\/tribe\/events\/v1\/events\/11884","title":"\u201eB\u0103t\u0103lia C\u0103r\u021bilor\u201d &#8211; Club de lectur\u0103 destinat adul\u021bilor, sec\u021biunea \u00een limba maghiar\u0103","description":"<p>Relans\u0103m Clubul de lectur\u0103 \u201eB\u0103t\u0103lia C\u0103r\u021bilor\u201d destinat adul\u021bilor pasiona\u021bi de lectur\u0103, sec\u021biunea \u00een limba maghiar\u0103!<\/p>\n<p>Prima \u00eent\u00e2lnire, din acest an, a Clubului va avea loc <strong>miercuri, 25 martie 2026, de la ora 14.00<\/strong>. Pentru aceast\u0103 \u00eent\u00e2lnire, participan\u021bii trebuie s\u0103 lectureze cel pu\u021bin una dintre urm\u0103toarele dou\u0103 c\u0103r\u021bi: \u201eOlvad\u00e1s\u201d de Kiss Tibor No\u00e9 \u0219i \u201e\u00daj\u00e9v\u201d de Juli Zeh, pentru a putea dezbate \u0219i \u00eemp\u0103r\u021b\u0103\u0219i impresiile de pe urma lecturii.<\/p>\n<p>C\u0103r\u021bile se pot \u00eemprumuta de la Sala multicultural\u0103, etajul 3 vest.<\/p>\n<p>Cei interesa\u021bi s\u0103 fac\u0103 parte din acest club, s\u0103 lectureze cele 10 c\u0103r\u021bi incluse \u00een lista din acest an \u0219i s\u0103 participe la dezbaterile lunare, sunt invita\u021bi s\u0103 se \u00eenscrie <a href=\"https:\/\/docs.google.com\/forms\/d\/e\/1FAIpQLScU_wnTjttpZAlyascHTg2ud9KG0GK8UeIBTBR7I_zuFh8usA\/viewform?usp=preview\">aici<\/a>, sau prin telefon la: 0731 013293 sau e-mail la: salamulticulturala[at]bjc.ro.<\/p>\n<p>Ne vom \u00eent\u00e2lni la sediul central al bibliotecii, Calea Doroban\u021bilor nr. 104, la Sala multicultural\u0103, etajul 3 vest.<\/p>\n<p>\u00dajraindul k\u00f6nyvbar\u00e1toknak a \u201eK\u00f6nyvek Viadala\u201d feln\u0151tteknek sz\u00f3l\u00f3 olvas\u00f3klub magyar nyelven!<\/p>\n<p>Id\u00e9n az els\u0151 tal\u00e1lkoz\u00e1sra 2026. m\u00e1rcius 25-\u00e9n, szerd\u00e1n ker\u00fcl sor 14.00 \u00f3r\u00e1t\u00f3l. Ahhoz, hogy az elolvas\u00e1sra aj\u00e1nlott m\u0171vekkel kapcsolatos olvasm\u00e1ny\u00e9lm\u00e9nyeket egym\u00e1ssal megoszthass\u00e1k \u00e9s azokat \u00e9rdemben k\u00f6z\u00f6sen \u00e1tbesz\u00e9lhess\u00e9k, a r\u00e9sztvev\u0151knek a tal\u00e1lkoz\u00f3ig legal\u00e1bb egyet el kell olvasniuk a k\u00f6vetkez\u0151 k\u00e9t k\u00f6nyv k\u00f6z\u00fcl: Kiss Tibor No\u00e9: Olvad\u00e1s \u00e9s Juli Zeh: \u00daj\u00e9v.<\/p>\n<p>A k\u00f6nyvek a Multikultur\u00e1lis r\u00e9szlegr\u0151l k\u00f6lcs\u00f6n\u00f6zhet\u0151k ki, a K\u00f6nyvt\u00e1r nyugati sz\u00e1rny\u00e1nak 3. emelet\u00e9n.<\/p>\n<p>Az olvas\u00f3klub, az idei k\u00f6nyvlist\u00e1n szerepl\u0151 10 m\u0171 elolvas\u00e1sa, valamint a havi rendszeress\u00e9g\u0171 \u00f6sszej\u00f6vetelek ir\u00e1nt \u00e9rdekl\u0151d\u0151k az al\u00e1bbi \u0171rlap kit\u00f6lt\u00e9s\u00e9vel <a href=\"https:\/\/docs.google.com\/forms\/d\/e\/1FAIpQLScU_wnTjttpZAlyascHTg2ud9KG0GK8UeIBTBR7I_zuFh8usA\/viewform?usp=preview\">https:\/\/docs.google.com\/forms\/d\/e\/1FAIpQLScU_wnTjttpZAlyascHTg2ud9KG0GK8UeIBTBR7I_zuFh8usA\/viewform?usp=preview<\/a> illetve a 0731 013293-as telefonsz\u00e1mon vagy a salamulticulturala[at]bjc.ro e-mail-c\u00edmen jelentkezhetnek.<\/p>\n<p>A tal\u00e1lkoz\u00e1sokra a K\u00f6nyvt\u00e1r Doroban\u021bilor u. 104. sz. alatti k\u00f6zponti \u00e9p\u00fclet\u00e9nek Multikultur\u00e1lis r\u00e9szleg\u00e9n, a nyugati sz\u00e1rny 3. emelet\u00e9n ker\u00fcl sor.<\/p>\n<p>Szeretettel v\u00e1rjuk!<\/p>\n<p>&nbsp;<\/p>\n<p>&nbsp;<\/p>\n<p>&nbsp;<\/p>\n<p>&nbsp;<\/p>","excerpt":"","slug":"batalia-cartilor-club-de-lectura-destinat-adultilor-sectiunea-in-limba-maghiara-2","image":{"url":"https:\/\/new.bjc.ro\/wp-content\/uploads\/2026\/03\/SM-Batalia-Cartilor-martie-2026.jpg","id":11885,"extension":"jpg","width":710,"height":400,"filesize":70985},"all_day":false,"start_date":"2026-03-25 14:00:00","start_date_details":{"year":"2026","month":"03","day":"25","hour":"14","minutes":"00","seconds":"00"},"end_date":"2026-03-25 17:00:00","end_date_details":{"year":"2026","month":"03","day":"25","hour":"17","minutes":"00","seconds":"00"},"utc_start_date":"2026-03-25 12:00:00","utc_start_date_details":{"year":"2026","month":"03","day":"25","hour":"12","minutes":"00","seconds":"00"},"utc_end_date":"2026-03-25 15:00:00","utc_end_date_details":{"year":"2026","month":"03","day":"25","hour":"15","minutes":"00","seconds":"00"},"timezone":"Europe\/Bucharest","timezone_abbr":"EET","cost":"","cost_details":{"currency_symbol":"$","currency_code":"USD","currency_position":"prefix","values":[]},"website":"","show_map":true,"show_map_link":true,"hide_from_listings":false,"sticky":false,"featured":false,"categories":[{"name":"Cluburi","slug":"cluburi","term_group":0,"term_taxonomy_id":54,"taxonomy":"tribe_events_cat","description":"","parent":0,"count":111,"filter":"raw","id":54,"urls":{"self":"https:\/\/new.bjc.ro\/index.php?rest_route=\/tribe\/events\/v1\/categories\/54","collection":"https:\/\/new.bjc.ro\/index.php?rest_route=\/tribe\/events\/v1\/categories"}}],"tags":[{"name":"B\u0103t\u0103lia C\u0103r\u021bilor","slug":"batalia-cartilor","term_group":0,"term_taxonomy_id":92,"taxonomy":"post_tag","description":"","parent":0,"count":19,"filter":"raw","id":92,"urls":{"self":"https:\/\/new.bjc.ro\/index.php?rest_route=\/tribe\/events\/v1\/tags\/92","collection":"https:\/\/new.bjc.ro\/index.php?rest_route=\/tribe\/events\/v1\/tags"}}],"venue":{"id":8131,"author":"1","status":"publish","date":"2023-10-13 08:03:36","date_utc":"2023-10-13 05:03:36","modified":"2023-10-13 08:05:16","modified_utc":"2023-10-13 05:05:16","url":"https:\/\/new.bjc.ro\/?tribe_venue=sala-multiculturala-etaj-3-vest","venue":"Biblioteca Jude\u021bean\u0103 \u201eOctavian Goga&#8221; Cluj, Sala multicultural\u0103, etaj 3 vest","slug":"sala-multiculturala-etaj-3-vest","address":"Calea Doroban\u021bilor nr.104","city":"Cluj-Napoca","json_ld":{"@type":"Place","name":"Biblioteca Jude\u021bean\u0103 \u201eOctavian Goga&#8221; Cluj, Sala multicultural\u0103, etaj 3 vest","description":"","url":"","address":{"@type":"PostalAddress","streetAddress":"Calea Doroban\u021bilor nr.104","addressLocality":"Cluj-Napoca"},"telephone":"","sameAs":""},"show_map":true,"show_map_link":true,"global_id":"new.bjc.ro?id=8131","global_id_lineage":["new.bjc.ro?id=8131"]},"organizer":[{"id":2810,"author":"1","status":"publish","date":"2022-11-25 11:43:24","date_utc":"2022-11-25 11:43:24","modified":"2023-05-31 11:13:00","modified_utc":"2023-05-31 08:13:00","url":"https:\/\/new.bjc.ro\/?tribe_organizer=biblioteca-judeteana-octavian-goga-cluj","organizer":"Biblioteca Jude\u021bean\u0103 \u201eOctavian Goga\u201d Cluj","slug":"biblioteca-judeteana-octavian-goga-cluj","email":"bjc[at]bjc.ro","json_ld":{"@type":"Person","name":"Biblioteca Jude\u021bean\u0103 \u201eOctavian Goga\u201d Cluj","description":"","url":"","telephone":"","email":"bj&#99;&#91;at&#93;&#98;&#106;&#99;&#46;&#114;o","sameAs":""},"global_id":"new.bjc.ro?id=2810","global_id_lineage":["new.bjc.ro?id=2810"]}],"custom_fields":[],"json_ld":{"@context":"http:\/\/schema.org","@type":"Event","name":"\u201eB\u0103t\u0103lia C\u0103r\u021bilor\u201d &#8211; Club de lectur\u0103 destinat adul\u021bilor, sec\u021biunea \u00een limba maghiar\u0103","description":"&lt;p&gt;Relans\u0103m Clubul de lectur\u0103 \u201eB\u0103t\u0103lia C\u0103r\u021bilor\u201d destinat adul\u021bilor pasiona\u021bi de lectur\u0103, sec\u021biunea \u00een limba maghiar\u0103! Prima \u00eent\u00e2lnire, din acest an, a Clubului va avea loc miercuri, 25 martie 2026, de la ora 14.00. Pentru aceast\u0103 \u00eent\u00e2lnire, participan\u021bii trebuie s\u0103 lectureze cel pu\u021bin una dintre urm\u0103toarele dou\u0103 c\u0103r\u021bi: \u201eOlvad\u00e1s\u201d de Kiss&hellip; &lt;br \/&gt; &lt;a class=&quot;read-more&quot; href=&quot;https:\/\/new.bjc.ro\/?tribe_events=batalia-cartilor-club-de-lectura-destinat-adultilor-sectiunea-in-limba-maghiara-2&quot;&gt;Cite\u0219te mai mult&lt;\/a&gt;&lt;\/p&gt;\\n","image":"https:\/\/new.bjc.ro\/wp-content\/uploads\/2026\/03\/SM-Batalia-Cartilor-martie-2026.jpg","url":"https:\/\/new.bjc.ro\/?tribe_events=batalia-cartilor-club-de-lectura-destinat-adultilor-sectiunea-in-limba-maghiara-2","eventAttendanceMode":"https:\/\/schema.org\/OfflineEventAttendanceMode","eventStatus":"https:\/\/schema.org\/EventScheduled","startDate":"2026-03-25T14:00:00+02:00","endDate":"2026-03-25T17:00:00+02:00","location":{"@type":"Place","name":"Biblioteca Jude\u021bean\u0103 \u201eOctavian Goga&#8221; Cluj, Sala multicultural\u0103, etaj 3 vest","description":"","url":"","address":{"@type":"PostalAddress","streetAddress":"Calea Doroban\u021bilor nr.104","addressLocality":"Cluj-Napoca"},"telephone":"","sameAs":""},"organizer":{"@type":"Person","name":"Biblioteca Jude\u021bean\u0103 \u201eOctavian Goga\u201d Cluj","description":"","url":"","telephone":"","email":"b&#106;c[&#97;t]&#98;j&#99;.&#114;o","sameAs":""},"performer":"Organization"}}