{"id":7788,"global_id":"new.bjc.ro?id=7788","global_id_lineage":["new.bjc.ro?id=7788"],"author":"1","status":"publish","date":"2023-08-09 13:28:32","date_utc":"2023-08-09 10:28:32","modified":"2023-08-11 08:53:05","modified_utc":"2023-08-11 05:53:05","url":"https:\/\/new.bjc.ro\/?tribe_events=zilele-culturale-maghiare","rest_url":"https:\/\/new.bjc.ro\/index.php?rest_route=\/tribe\/events\/v1\/events\/7788","title":"Zilele\u00a0Culturale\u00a0Maghiare","description":"<p>Cu ocazia Zilelor Culturale Maghiare din Cluj, edi\u021bia a 14-a, \u00een data de 16 august, la Sala multicultural\u0103 a Bibliotecii Jude\u021bene \u201eOctavian Goga\u201d Cluj (sediul central, etajul 3, tronson vest) vor avea loc urm\u0103toarele evenimente:<br \/>\n\u2022 de la ora 14.00, jocul literar-lingvistic \u201ePet\u0151fi S\u00e1ndor 200: Din lirica creat\u0103 de Pet\u0151fi \u00een Ardeal\u201d (activitate \u00een limba maghiar\u0103);<br \/>\n\u2022 de la ora 15.00, jocul literar \u201eTransilvania, leag\u0103n literar\u201d (activitate \u00een limba rom\u00e2n\u0103);<br \/>\n\u2022 de la ora 16.00, jocul lingvistic de societate \u201eAnii de liceu\u2026\u201d \u2013 jargonul adolescen\u0163ilor ardeleni (activitate \u00een limba maghiar\u0103).<br \/>\nActivit\u0103\u021bile sunt coordonate de profesorul emerit de limba maghiar\u0103 Ferenc M\u00e1ln\u00e1si.<br \/>\nPe\u00a0aici,\u00a0pofti\u021bi!<\/p>\n<p>Meg szeretn\u00e9d ismerni Pet\u0151fi S\u00e1ndor Erd\u00e9lyben sz\u00fcletett k\u00f6ltem\u00e9nyeit, vagy k\u00edv\u00e1ncsi vagy irodalmi b\u00f6lcs\u0151inkre Erd\u00e9lyben?<br \/>\nA 14. kolozsv\u00e1ri magyar napok keret\u00e9n bel\u00fcl, augusztus 16-\u00e1n k\u00f6nyvt\u00e1runk Multikultur\u00e1lis r\u00e9szlege (nyugati sz\u00e1rny, 3. emelet) k\u00e9t irodalmi t\u00e1rsasj\u00e1t\u00e9knak ad otthon, melyre mindenkit szeretettel v\u00e1runk:<br \/>\n\u2022 14 \u00f3r\u00e1t\u00f3l: Pet\u0151fi S\u00e1ndor 200 \u2013 \u201esz\u00e9p Erd\u00e9ly reg\u00e9nyes t\u00e1jain\u2026\u201d \u2013 Pet\u0151fi Erd\u00e9lyben sz\u00fcletett k\u00f6ltem\u00e9nyei. Nyelvi-irodalmi t\u00e1rsasj\u00e1t\u00e9k M\u00e1ln\u00e1si Ferenc ny. magyartan\u00e1r vezet\u00e9s\u00e9vel (magyarul).<br \/>\n\u2022 15 \u00f3r\u00e1t\u00f3l: Irodalmi b\u00f6lcs\u0151ink Erd\u00e9lyben. Irodalmi t\u00e1rsasj\u00e1t\u00e9k rom\u00e1n nyelven M\u00e1ln\u00e1si Ferenc ny. magyartan\u00e1r vezet\u00e9s\u00e9vel.<br \/>\n\u2022 16 \u00f3r\u00e1t\u00f3l: \u201eA gimi, gimi ilyen volt\u2026\u201d. Nyelvi t\u00e1rsasj\u00e1t\u00e9k, di\u00e1knyelvi szavak, kifejez\u00e9sek gy\u0171jt\u00e9se M\u00e1ln\u00e1si Ferenc ny. magyartan\u00e1r vezet\u00e9s\u00e9vel.<br \/>\nErrre,\u00a0tess\u00e9k!<\/p>","excerpt":"","slug":"zilele-culturale-maghiare","image":{"url":"https:\/\/new.bjc.ro\/wp-content\/uploads\/2023\/08\/Zilele-maghiare_2023-2.jpg","id":7789,"extension":"jpg","width":703,"height":400,"filesize":44584},"all_day":false,"start_date":"2023-08-16 14:00:00","start_date_details":{"year":"2023","month":"08","day":"16","hour":"14","minutes":"00","seconds":"00"},"end_date":"2023-08-16 17:00:00","end_date_details":{"year":"2023","month":"08","day":"16","hour":"17","minutes":"00","seconds":"00"},"utc_start_date":"2023-08-16 11:00:00","utc_start_date_details":{"year":"2023","month":"08","day":"16","hour":"11","minutes":"00","seconds":"00"},"utc_end_date":"2023-08-16 14:00:00","utc_end_date_details":{"year":"2023","month":"08","day":"16","hour":"14","minutes":"00","seconds":"00"},"timezone":"Europe\/Bucharest","timezone_abbr":"EEST","cost":"","cost_details":{"currency_symbol":"","currency_code":"","currency_position":"prefix","values":[]},"website":"","show_map":true,"show_map_link":true,"hide_from_listings":false,"sticky":false,"featured":false,"categories":[{"name":"Evenimente","slug":"evenimente","term_group":0,"term_taxonomy_id":28,"taxonomy":"tribe_events_cat","description":"","parent":0,"count":194,"filter":"raw","id":28,"urls":{"self":"https:\/\/new.bjc.ro\/index.php?rest_route=\/tribe\/events\/v1\/categories\/28","collection":"https:\/\/new.bjc.ro\/index.php?rest_route=\/tribe\/events\/v1\/categories"}}],"tags":[{"name":"zile culturale maghiare","slug":"zile-culturale-maghiare","term_group":0,"term_taxonomy_id":143,"taxonomy":"post_tag","description":"","parent":0,"count":1,"filter":"raw","id":143,"urls":{"self":"https:\/\/new.bjc.ro\/index.php?rest_route=\/tribe\/events\/v1\/tags\/143","collection":"https:\/\/new.bjc.ro\/index.php?rest_route=\/tribe\/events\/v1\/tags"}}],"venue":{"id":3721,"author":"2","status":"publish","date":"2023-01-19 15:26:22","date_utc":"2023-01-19 13:26:22","modified":"2023-03-10 14:56:23","modified_utc":"2023-03-10 12:56:23","url":"https:\/\/new.bjc.ro\/?tribe_venue=biblioteca-judeteana-octavian-goga-cluj-2","venue":"Biblioteca Jude\u021bean\u0103 &#8222;Octavian Goga&#8221; Cluj","slug":"biblioteca-judeteana-octavian-goga-cluj-2","address":"Calea Doroban\u021bilor nr. 104","city":"Cluj-Napoca","country":"Romania","json_ld":{"@type":"Place","name":"Biblioteca Jude\u021bean\u0103 &#8222;Octavian Goga&#8221; Cluj","description":"","url":"","address":{"@type":"PostalAddress","streetAddress":"Calea Doroban\u021bilor nr. 104","addressLocality":"Cluj-Napoca","addressCountry":"Romania"},"telephone":"","sameAs":""},"show_map":true,"show_map_link":true,"global_id":"new.bjc.ro?id=3721","global_id_lineage":["new.bjc.ro?id=3721"]},"organizer":[{"id":2810,"author":"1","status":"publish","date":"2022-11-25 11:43:24","date_utc":"2022-11-25 11:43:24","modified":"2023-05-31 11:13:00","modified_utc":"2023-05-31 08:13:00","url":"https:\/\/new.bjc.ro\/?tribe_organizer=biblioteca-judeteana-octavian-goga-cluj","organizer":"Biblioteca Jude\u021bean\u0103 \u201eOctavian Goga\u201d Cluj","slug":"biblioteca-judeteana-octavian-goga-cluj","email":"bjc[at]bjc.ro","json_ld":{"@type":"Person","name":"Biblioteca Jude\u021bean\u0103 \u201eOctavian Goga\u201d Cluj","description":"","url":"","telephone":"","email":"&#98;&#106;c&#91;at]b&#106;&#99;.ro","sameAs":""},"global_id":"new.bjc.ro?id=2810","global_id_lineage":["new.bjc.ro?id=2810"]}],"custom_fields":[],"json_ld":{"@context":"http:\/\/schema.org","@type":"Event","name":"Zilele\u00a0Culturale\u00a0Maghiare","description":"&lt;p&gt;Cu ocazia Zilelor Culturale Maghiare din Cluj, edi\u021bia a 14-a, \u00een data de 16 august, la Sala multicultural\u0103 a Bibliotecii Jude\u021bene \u201eOctavian Goga\u201d Cluj (sediul central, etajul 3, tronson vest) vor avea loc urm\u0103toarele evenimente: \u2022 de la ora 14.00, jocul literar-lingvistic \u201ePet\u0151fi S\u00e1ndor 200: Din lirica creat\u0103 de Pet\u0151fi&hellip; &lt;br \/&gt; &lt;a class=&quot;read-more&quot; href=&quot;https:\/\/new.bjc.ro\/?tribe_events=zilele-culturale-maghiare&quot;&gt;Cite\u0219te mai mult&lt;\/a&gt;&lt;\/p&gt;\\n","image":"https:\/\/new.bjc.ro\/wp-content\/uploads\/2023\/08\/Zilele-maghiare_2023-2.jpg","url":"https:\/\/new.bjc.ro\/?tribe_events=zilele-culturale-maghiare","eventAttendanceMode":"https:\/\/schema.org\/OfflineEventAttendanceMode","eventStatus":"https:\/\/schema.org\/EventScheduled","startDate":"2023-08-16T14:00:00+03:00","endDate":"2023-08-16T17:00:00+03:00","location":{"@type":"Place","name":"Biblioteca Jude\u021bean\u0103 &#8222;Octavian Goga&#8221; Cluj","description":"","url":"","address":{"@type":"PostalAddress","streetAddress":"Calea Doroban\u021bilor nr. 104","addressLocality":"Cluj-Napoca","addressCountry":"Romania"},"telephone":"","sameAs":""},"organizer":{"@type":"Person","name":"Biblioteca Jude\u021bean\u0103 \u201eOctavian Goga\u201d Cluj","description":"","url":"","telephone":"","email":"&#98;jc[&#97;&#116;]b&#106;&#99;.&#114;&#111;","sameAs":""},"performer":"Organization"}}