{"id":7799,"global_id":"new.bjc.ro?id=7799","global_id_lineage":["new.bjc.ro?id=7799"],"author":"2","status":"publish","date":"2023-08-16 14:07:20","date_utc":"2023-08-16 11:07:20","modified":"2023-08-16 14:14:09","modified_utc":"2023-08-16 11:14:09","url":"https:\/\/new.bjc.ro\/?tribe_events=program-finantare-centrul-cultural-clujean","rest_url":"https:\/\/new.bjc.ro\/index.php?rest_route=\/tribe\/events\/v1\/events\/7799","title":"Rezident \u00een propriul ora\u0219","description":"<p>@ \u201e<a href=\"https:\/\/fb.me\/e\/ARvrDIpG\">Cluj \u00een Reziden\u021b\u0103<\/a>\u201d\u00a0 este un program de finan\u021bare simplu de accesat, conceput de @Centrul Cultural Clujean, pentru a veni \u00een sprijinul arti\u0219tilor care lucreaz\u0103 \u00een Cluj.<\/p>\n<p>Programul \u00ee\u0219i propune s\u0103 sus\u021bin\u0103 arti\u0219tii activi \u00een spa\u021biul clujean care vor s\u0103 se concentreze pentru o perioad\u0103 mai lung\u0103 de timp asupra unor teme care le sunt deja de interes \u0219i parte din practica artistic\u0103.<\/p>\n<p>\u201eCluj \u00een Reziden\u021b\u0103\u201d ofer\u0103 15 burse \u00een valoare de maxim 10.000 lei brut pentru fiecare proiect. Arti\u0219tii activi \u00een domeniile artelor vizuale, artelor digitale \u0219i new media, muzic\u0103 \u0219i arte sonore, dans \u0219i performance, literatur\u0103 \u0219i teatru sunt bineveni\u021bi s\u0103 aplice.<\/p>\n<p>\u00censcrierile se fac pe: <a href=\"https:\/\/view.forms.app\/adminccc\/cluj-in-rezidenta\"><em>https:\/\/view.forms.app\/adminccc\/cluj-in-rezidenta<\/em><\/a><em>.<\/em> <strong>Termen limit\u0103<\/strong>: 5 septembrie.<\/p>\n<p>Regulamentul poate fi consultat pe: <a href=\"https:\/\/bit.ly\/3OYB9MK\">https:\/\/bit.ly\/3OYB9MK<\/a>.<\/p>\n<p>Aplic\u0103 acum!<\/p>\n<p>#Cluj\u00cenReziden\u021b\u0103 #ArtaClujean\u0103 #Crea\u021bieLocal\u0103<\/p>","excerpt":"","slug":"program-finantare-centrul-cultural-clujean","image":{"url":"https:\/\/new.bjc.ro\/wp-content\/uploads\/2023\/08\/Cluj-in-Rezidenta_postare.jpg","id":7801,"extension":"jpg","width":1200,"height":1200,"filesize":200469},"all_day":false,"start_date":"2023-08-16 08:00:00","start_date_details":{"year":"2023","month":"08","day":"16","hour":"08","minutes":"00","seconds":"00"},"end_date":"2023-09-05 17:00:00","end_date_details":{"year":"2023","month":"09","day":"05","hour":"17","minutes":"00","seconds":"00"},"utc_start_date":"2023-08-16 05:00:00","utc_start_date_details":{"year":"2023","month":"08","day":"16","hour":"05","minutes":"00","seconds":"00"},"utc_end_date":"2023-09-05 14:00:00","utc_end_date_details":{"year":"2023","month":"09","day":"05","hour":"14","minutes":"00","seconds":"00"},"timezone":"Europe\/Bucharest","timezone_abbr":"EEST","cost":"","cost_details":{"currency_symbol":"","currency_code":"","currency_position":"prefix","values":[]},"website":"","show_map":false,"show_map_link":false,"hide_from_listings":false,"sticky":false,"featured":false,"categories":[{"name":"Programe","slug":"programe","term_group":0,"term_taxonomy_id":52,"taxonomy":"tribe_events_cat","description":"","parent":0,"count":15,"filter":"raw","id":52,"urls":{"self":"https:\/\/new.bjc.ro\/index.php?rest_route=\/tribe\/events\/v1\/categories\/52","collection":"https:\/\/new.bjc.ro\/index.php?rest_route=\/tribe\/events\/v1\/categories"}}],"tags":[{"name":"ArtaClujean\u0103","slug":"artaclujeana","term_group":0,"term_taxonomy_id":145,"taxonomy":"post_tag","description":"","parent":0,"count":1,"filter":"raw","id":145,"urls":{"self":"https:\/\/new.bjc.ro\/index.php?rest_route=\/tribe\/events\/v1\/tags\/145","collection":"https:\/\/new.bjc.ro\/index.php?rest_route=\/tribe\/events\/v1\/tags"}},{"name":"Cluj\u00cenReziden\u021b\u0103","slug":"clujinrezidenta","term_group":0,"term_taxonomy_id":144,"taxonomy":"post_tag","description":"","parent":0,"count":1,"filter":"raw","id":144,"urls":{"self":"https:\/\/new.bjc.ro\/index.php?rest_route=\/tribe\/events\/v1\/tags\/144","collection":"https:\/\/new.bjc.ro\/index.php?rest_route=\/tribe\/events\/v1\/tags"}},{"name":"Crea\u021bieLocal\u0103","slug":"creatielocala","term_group":0,"term_taxonomy_id":146,"taxonomy":"post_tag","description":"","parent":0,"count":1,"filter":"raw","id":146,"urls":{"self":"https:\/\/new.bjc.ro\/index.php?rest_route=\/tribe\/events\/v1\/tags\/146","collection":"https:\/\/new.bjc.ro\/index.php?rest_route=\/tribe\/events\/v1\/tags"}}],"venue":[],"organizer":[],"custom_fields":[],"json_ld":{"@context":"http:\/\/schema.org","@type":"Event","name":"Rezident \u00een propriul ora\u0219","description":"&lt;p&gt;@ \u201eCluj \u00een Reziden\u021b\u0103\u201d\u00a0 este un program de finan\u021bare simplu de accesat, conceput de @Centrul Cultural Clujean, pentru a veni \u00een sprijinul arti\u0219tilor care lucreaz\u0103 \u00een Cluj. Programul \u00ee\u0219i propune s\u0103 sus\u021bin\u0103 arti\u0219tii activi \u00een spa\u021biul clujean care vor s\u0103 se concentreze pentru o perioad\u0103 mai lung\u0103 de timp asupra&hellip; &lt;br \/&gt; &lt;a class=&quot;read-more&quot; href=&quot;https:\/\/new.bjc.ro\/?tribe_events=program-finantare-centrul-cultural-clujean&quot;&gt;Cite\u0219te mai mult&lt;\/a&gt;&lt;\/p&gt;\\n","image":"https:\/\/new.bjc.ro\/wp-content\/uploads\/2023\/08\/Cluj-in-Rezidenta_postare.jpg","url":"https:\/\/new.bjc.ro\/?tribe_events=program-finantare-centrul-cultural-clujean","eventAttendanceMode":"https:\/\/schema.org\/OfflineEventAttendanceMode","eventStatus":"https:\/\/schema.org\/EventScheduled","startDate":"2023-08-16T08:00:00+03:00","endDate":"2023-09-05T17:00:00+03:00","performer":"Organization"}}