{"id":8835,"global_id":"new.bjc.ro?id=8835","global_id_lineage":["new.bjc.ro?id=8835"],"author":"1","status":"publish","date":"2024-03-29 14:55:41","date_utc":"2024-03-29 12:55:41","modified":"2024-03-29 14:55:41","modified_utc":"2024-03-29 12:55:41","url":"https:\/\/new.bjc.ro\/?tribe_events=ziua-internationala-a-cartii-pentru-copii-si-tineret-2","rest_url":"https:\/\/new.bjc.ro\/index.php?rest_route=\/tribe\/events\/v1\/events\/8835","title":"Ziua Interna\u021bional\u0103 a C\u0103r\u021bii pentru Copii \u0219i Tineret","description":"<p>Cu ocazia Zilei Interna\u021bionale a C\u0103r\u0163ii pentru Copii \u0219i Tineret s\u0103rb\u0103torit\u0103 anual \u00een data de 2 aprilie, data na\u0219terii scriitorului danez Hans Cristian Andersen, Biblioteca Jude\u0163ean\u0103 \u201eOctavian Goga\u201d Cluj organizeaz\u0103 \u00een perioada 1 \u2013 5 aprilie 2024 mai multe activit\u0103\u021bi de promovare a lecturii, dup\u0103 urm\u0103torul <a href=\"https:\/\/new.bjc.ro\/wp-content\/uploads\/2024\/03\/Program-Ziua-Internationala-a-Cartii-pentru-copii.pdf\">Program<\/a>.<\/p>","excerpt":"","slug":"ziua-internationala-a-cartii-pentru-copii-si-tineret-2","image":{"url":"https:\/\/new.bjc.ro\/wp-content\/uploads\/2024\/03\/Afis-Ziua-Internationala-a-Cartii-pentru-Copii.png","id":8836,"extension":"png","width":400,"height":566,"filesize":492655},"all_day":false,"start_date":"2024-04-01 08:00:00","start_date_details":{"year":"2024","month":"04","day":"01","hour":"08","minutes":"00","seconds":"00"},"end_date":"2024-04-05 20:00:00","end_date_details":{"year":"2024","month":"04","day":"05","hour":"20","minutes":"00","seconds":"00"},"utc_start_date":"2024-04-01 05:00:00","utc_start_date_details":{"year":"2024","month":"04","day":"01","hour":"05","minutes":"00","seconds":"00"},"utc_end_date":"2024-04-05 17:00:00","utc_end_date_details":{"year":"2024","month":"04","day":"05","hour":"17","minutes":"00","seconds":"00"},"timezone":"Europe\/Bucharest","timezone_abbr":"EEST","cost":"","cost_details":{"currency_symbol":"","currency_code":"","currency_position":"prefix","values":[]},"website":"","show_map":true,"show_map_link":true,"hide_from_listings":false,"sticky":false,"featured":false,"categories":[{"name":"Evenimente","slug":"evenimente","term_group":0,"term_taxonomy_id":28,"taxonomy":"tribe_events_cat","description":"","parent":0,"count":194,"filter":"raw","id":28,"urls":{"self":"https:\/\/new.bjc.ro\/index.php?rest_route=\/tribe\/events\/v1\/categories\/28","collection":"https:\/\/new.bjc.ro\/index.php?rest_route=\/tribe\/events\/v1\/categories"}}],"tags":[{"name":"Ziua Interna\u021bional\u0103 a C\u0103r\u0163ii pentru Copii \u0219i Tineret","slug":"ziua-internationala-a-cartii-pentru-copii-si-tineret","term_group":0,"term_taxonomy_id":195,"taxonomy":"post_tag","description":"","parent":0,"count":3,"filter":"raw","id":195,"urls":{"self":"https:\/\/new.bjc.ro\/index.php?rest_route=\/tribe\/events\/v1\/tags\/195","collection":"https:\/\/new.bjc.ro\/index.php?rest_route=\/tribe\/events\/v1\/tags"}}],"venue":{"id":3721,"author":"2","status":"publish","date":"2023-01-19 15:26:22","date_utc":"2023-01-19 13:26:22","modified":"2023-03-10 14:56:23","modified_utc":"2023-03-10 12:56:23","url":"https:\/\/new.bjc.ro\/?tribe_venue=biblioteca-judeteana-octavian-goga-cluj-2","venue":"Biblioteca Jude\u021bean\u0103 &#8222;Octavian Goga&#8221; Cluj","slug":"biblioteca-judeteana-octavian-goga-cluj-2","address":"Calea Doroban\u021bilor nr. 104","city":"Cluj-Napoca","country":"Romania","json_ld":{"@type":"Place","name":"Biblioteca Jude\u021bean\u0103 &#8222;Octavian Goga&#8221; Cluj","description":"","url":"","address":{"@type":"PostalAddress","streetAddress":"Calea Doroban\u021bilor nr. 104","addressLocality":"Cluj-Napoca","addressCountry":"Romania"},"telephone":"","sameAs":""},"show_map":true,"show_map_link":true,"global_id":"new.bjc.ro?id=3721","global_id_lineage":["new.bjc.ro?id=3721"]},"organizer":[{"id":2810,"author":"1","status":"publish","date":"2022-11-25 11:43:24","date_utc":"2022-11-25 11:43:24","modified":"2023-05-31 11:13:00","modified_utc":"2023-05-31 08:13:00","url":"https:\/\/new.bjc.ro\/?tribe_organizer=biblioteca-judeteana-octavian-goga-cluj","organizer":"Biblioteca Jude\u021bean\u0103 \u201eOctavian Goga\u201d Cluj","slug":"biblioteca-judeteana-octavian-goga-cluj","email":"bjc[at]bjc.ro","json_ld":{"@type":"Person","name":"Biblioteca Jude\u021bean\u0103 \u201eOctavian Goga\u201d Cluj","description":"","url":"","telephone":"","email":"&#98;&#106;&#99;&#91;at]&#98;j&#99;&#46;ro","sameAs":""},"global_id":"new.bjc.ro?id=2810","global_id_lineage":["new.bjc.ro?id=2810"]}],"custom_fields":[],"json_ld":{"@context":"http:\/\/schema.org","@type":"Event","name":"Ziua Interna\u021bional\u0103 a C\u0103r\u021bii pentru Copii \u0219i Tineret","description":"&lt;p&gt;Cu ocazia Zilei Interna\u021bionale a C\u0103r\u0163ii pentru Copii \u0219i Tineret s\u0103rb\u0103torit\u0103 anual \u00een data de 2 aprilie, data na\u0219terii scriitorului danez Hans Cristian Andersen, Biblioteca Jude\u0163ean\u0103 \u201eOctavian Goga\u201d Cluj organizeaz\u0103 \u00een perioada 1 \u2013 5 aprilie 2024 mai multe activit\u0103\u021bi de promovare a lecturii, dup\u0103 urm\u0103torul Program.&lt;\/p&gt;\\n","image":"https:\/\/new.bjc.ro\/wp-content\/uploads\/2024\/03\/Afis-Ziua-Internationala-a-Cartii-pentru-Copii.png","url":"https:\/\/new.bjc.ro\/?tribe_events=ziua-internationala-a-cartii-pentru-copii-si-tineret-2","eventAttendanceMode":"https:\/\/schema.org\/OfflineEventAttendanceMode","eventStatus":"https:\/\/schema.org\/EventScheduled","startDate":"2024-04-01T08:00:00+03:00","endDate":"2024-04-05T20:00:00+03:00","location":{"@type":"Place","name":"Biblioteca Jude\u021bean\u0103 &#8222;Octavian Goga&#8221; Cluj","description":"","url":"","address":{"@type":"PostalAddress","streetAddress":"Calea Doroban\u021bilor nr. 104","addressLocality":"Cluj-Napoca","addressCountry":"Romania"},"telephone":"","sameAs":""},"organizer":{"@type":"Person","name":"Biblioteca Jude\u021bean\u0103 \u201eOctavian Goga\u201d Cluj","description":"","url":"","telephone":"","email":"b&#106;c[a&#116;&#93;&#98;j&#99;.&#114;&#111;","sameAs":""},"performer":"Organization"}}