{"id":9425,"global_id":"new.bjc.ro?id=9425","global_id_lineage":["new.bjc.ro?id=9425"],"author":"7","status":"publish","date":"2024-07-31 08:42:52","date_utc":"2024-07-31 05:42:52","modified":"2024-07-31 08:42:52","modified_utc":"2024-07-31 05:42:52","url":"https:\/\/new.bjc.ro\/?tribe_events=ridica-receptorul-telefonului-amintirilor-la-biblioteca","rest_url":"https:\/\/new.bjc.ro\/index.php?rest_route=\/tribe\/events\/v1\/events\/9425","title":"Ridic\u0103 receptorul Telefonului Amintirilor la \u2026 bibliotec\u0103","description":"<p>P\u00e2n\u0103 pe <strong>\u00a031 august<\/strong>, po\u021bi asculta fragmente sonore din vie\u021bile adolescen\u021bilor din anii \u201970-\u201980, \u00een cea mai popular\u0103 instala\u021bie a Muzeului Memoriei &#8211; Telefonul Amintirilor.<\/p>\n<p>Ridic\u0103 receptorul telefonului \u00een foaierul sediului central al bibliotecii, pentru a asculta 10 reconstituiri sonore, parte din cel mai nou proiect: Adolescent \u00een comunism &#8211; anii\u00a0 \u201970-\u201980.<\/p>\n<p>Instala\u021bia interactiv\u0103 ne conecteaz\u0103 cu trecutul, con\u021bin\u00e2nd reconstituiri sonore din ziarele \u0219i \u0219tirile de atunci, dar \u0219i amintirile celor care ne-au \u00eencredin\u021bat amintirile lor.<\/p>\n<p>\u201e\u00cen capitolul doi al proiectului Adolescent \u00een Comunism, am vrut s\u0103 reconstituim \u0219i afl\u0103m cotidianul din vie\u021bile celor care \u0219i-au tr\u0103it adolescen\u021ba \u00eentre acei ani: cei care au cunoscut iubirea, ascultau Europa Liber\u0103 pe furi\u0219, d\u0103deau mai departe bancuri cu Ceau\u0219escu \u0219i au fost martorii devastatorului cutremur din \u201977.<\/p>\n<p>Telefonul Amintirilor este o poart\u0103 spre alte vremuri, pentru c\u0103 el cuprinde con\u021binut de arhiv\u0103, original, care, f\u0103r\u0103 el, nu ar ajunge la at\u00e2t de mul\u021bi oameni. Ce putem promite este c\u0103 Telefonul Amintirilor va c\u0103l\u0103tori mult \u00een aceast\u0103 var\u0103, pentru ca istoriile personale s\u0103 fie ascultate.\u2019\u2019 &#8211;\u00a0 spune Smaranda Pasnicu, co-fondatoare Muzeul Memoriei \u0219i a ONG-ului cultural Punctart.<\/p>\n<p><strong>Telefonul Amintirilor<\/strong> este cea mai cunoscut\u0103 instala\u021bie creat\u0103 pentru Muzeul Memoriei, cu particip\u0103ri la peste 50 de evenimente indoor \u0219i outdoor, cu peste 10.000 de ascult\u0103ri, \u00een 13 ora\u0219e. Telefonul Amintirilor e o punte \u00eentre genera\u021bii, elementul de leg\u0103tur\u0103 \u00eentre diferite v\u00e2rste, interactiv, emo\u021bional \u0219i educativ.<\/p>\n<p><strong>Muzeul Memoriei<\/strong> este un proiect al ONG-ului cultural Punctart, o capsul\u0103 digital\u0103 a istoriei colective care se construie\u0219te, zi de zi, cu amintirile tuturor. \u00cen acela\u0219i timp, proiectul Muzeul Memoriei a fost g\u00e2ndit ca un demers educa\u021bional \u0219i cultural care promoveaz\u0103 patrimoniul na\u021bional prin analizarea unor momente istorice marcante din evolu\u021bia Rom\u00e2niei \u0219i utilizarea noilor tehnologii ca limbaj comun cu publicul t\u00e2n\u0103r.<\/p>\n<p><strong>Punctart<\/strong> este un ONG cultural pornit \u00een 2015 de c\u0103tre o echip\u0103 multidisciplinar\u0103<\/p>\n<p>de arti\u0219ti profesioni\u0219ti \u0219i speciali\u0219ti. Punctart este un creator de experien\u021be culturale \u0219i dezvolt\u0103 proiecte destinate tinerilor, la grani\u021ba dintre art\u0103 \u0219i tehnologie.<\/p>\n<p><strong>Parteneri proiect: <\/strong>Muzeul Amintirilor din Comunism Bra\u0219ov, Muzeul Na\u021bional al Literaturii Rom\u00e2ne Ia\u0219i, Muzeul Na\u021bional de Istorie a Rom\u00e2niei, Biblioteca Jude\u021bean\u0103 <em>\u201e<\/em>Octavian Goga\u201d Cluj, Asocia\u021bia Acas\u0103 \u00een Banat, Centrul Comunitar Zi de Bine, Centrul de Excelen\u021b\u0103 \u00een Studiul Imaginii<\/p>\n<p><strong>Proiectul \u201eAdolescen\u021ba \u00een comunism: anii <\/strong><strong>\u201970-\u20198<\/strong><strong>0\u201d este un proiect co-finan\u021bat AFCN<\/strong><\/p>\n<p><em>\u201eProiectul nu reprezint\u0103 \u00een mod necesar pozi\u021bia Administra\u021biei Fondului Cultural Na\u021bional. AFCN nu este responsabil\u0103 de con\u021binutul proiectului sau de modul \u00een care rezultatele proiectului pot fi folosite. Acestea sunt \u00een \u00eentregime responsabilitatea beneficiarului finan\u021b\u0103rii.<\/em><\/p>","excerpt":"","slug":"ridica-receptorul-telefonului-amintirilor-la-biblioteca","image":{"url":"https:\/\/new.bjc.ro\/wp-content\/uploads\/2024\/07\/Telefonul-Amintirilor-Cluj.jpg","id":9424,"extension":"jpg","width":400,"height":566,"filesize":34463},"all_day":false,"start_date":"2024-07-23 08:00:00","start_date_details":{"year":"2024","month":"07","day":"23","hour":"08","minutes":"00","seconds":"00"},"end_date":"2024-08-31 20:00:00","end_date_details":{"year":"2024","month":"08","day":"31","hour":"20","minutes":"00","seconds":"00"},"utc_start_date":"2024-07-23 05:00:00","utc_start_date_details":{"year":"2024","month":"07","day":"23","hour":"05","minutes":"00","seconds":"00"},"utc_end_date":"2024-08-31 17:00:00","utc_end_date_details":{"year":"2024","month":"08","day":"31","hour":"17","minutes":"00","seconds":"00"},"timezone":"Europe\/Bucharest","timezone_abbr":"EEST","cost":"","cost_details":{"currency_symbol":"$","currency_code":"USD","currency_position":"prefix","values":[]},"website":"","show_map":true,"show_map_link":true,"hide_from_listings":false,"sticky":false,"featured":false,"categories":[{"name":"Evenimente","slug":"evenimente","term_group":0,"term_taxonomy_id":28,"taxonomy":"tribe_events_cat","description":"","parent":0,"count":194,"filter":"raw","id":28,"urls":{"self":"https:\/\/new.bjc.ro\/index.php?rest_route=\/tribe\/events\/v1\/categories\/28","collection":"https:\/\/new.bjc.ro\/index.php?rest_route=\/tribe\/events\/v1\/categories"}}],"tags":[{"name":"Telefonului Amintirilor","slug":"telefonului-amintirilor","term_group":0,"term_taxonomy_id":222,"taxonomy":"post_tag","description":"","parent":0,"count":1,"filter":"raw","id":222,"urls":{"self":"https:\/\/new.bjc.ro\/index.php?rest_route=\/tribe\/events\/v1\/tags\/222","collection":"https:\/\/new.bjc.ro\/index.php?rest_route=\/tribe\/events\/v1\/tags"}}],"venue":{"id":3721,"author":"2","status":"publish","date":"2023-01-19 15:26:22","date_utc":"2023-01-19 13:26:22","modified":"2023-03-10 14:56:23","modified_utc":"2023-03-10 12:56:23","url":"https:\/\/new.bjc.ro\/?tribe_venue=biblioteca-judeteana-octavian-goga-cluj-2","venue":"Biblioteca Jude\u021bean\u0103 &#8222;Octavian Goga&#8221; Cluj","slug":"biblioteca-judeteana-octavian-goga-cluj-2","address":"Calea Doroban\u021bilor nr. 104","city":"Cluj-Napoca","country":"Romania","json_ld":{"@type":"Place","name":"Biblioteca Jude\u021bean\u0103 &#8222;Octavian Goga&#8221; Cluj","description":"","url":"","address":{"@type":"PostalAddress","streetAddress":"Calea Doroban\u021bilor nr. 104","addressLocality":"Cluj-Napoca","addressCountry":"Romania"},"telephone":"","sameAs":""},"show_map":true,"show_map_link":true,"global_id":"new.bjc.ro?id=3721","global_id_lineage":["new.bjc.ro?id=3721"]},"organizer":[{"id":9426,"author":"7","status":"publish","date":"2024-07-31 08:42:52","date_utc":"2024-07-31 05:42:52","modified":"2024-07-31 08:42:52","modified_utc":"2024-07-31 05:42:52","url":"https:\/\/new.bjc.ro\/?tribe_organizer=asociatia-punctartmuzeul-memoriei","organizer":"Asocia\u021bia Punctart&#038;Muzeul Memoriei","slug":"asociatia-punctartmuzeul-memoriei","website":"https:\/\/www.punctart.ro","email":"smaranda[at]punctart.ro","json_ld":{"@type":"Person","name":"Asocia\u021bia Punctart&#038;Muzeul Memoriei","description":"","url":"https:\/\/www.punctart.ro","telephone":"","email":"s&#109;ar&#97;&#110;&#100;a[&#97;&#116;&#93;p&#117;nc&#116;&#97;rt.&#114;o","sameAs":"https:\/\/www.punctart.ro"},"global_id":"new.bjc.ro?id=9426","global_id_lineage":["new.bjc.ro?id=9426"]}],"custom_fields":[],"json_ld":{"@context":"http:\/\/schema.org","@type":"Event","name":"Ridic\u0103 receptorul Telefonului Amintirilor la \u2026 bibliotec\u0103","description":"&lt;p&gt;P\u00e2n\u0103 pe \u00a031 august, po\u021bi asculta fragmente sonore din vie\u021bile adolescen\u021bilor din anii \u201970-\u201980, \u00een cea mai popular\u0103 instala\u021bie a Muzeului Memoriei - Telefonul Amintirilor. Ridic\u0103 receptorul telefonului \u00een foaierul sediului central al bibliotecii, pentru a asculta 10 reconstituiri sonore, parte din cel mai nou proiect: Adolescent \u00een comunism -&hellip; &lt;br \/&gt; &lt;a class=&quot;read-more&quot; href=&quot;https:\/\/new.bjc.ro\/?tribe_events=ridica-receptorul-telefonului-amintirilor-la-biblioteca&quot;&gt;Cite\u0219te mai mult&lt;\/a&gt;&lt;\/p&gt;\\n","image":"https:\/\/new.bjc.ro\/wp-content\/uploads\/2024\/07\/Telefonul-Amintirilor-Cluj.jpg","url":"https:\/\/new.bjc.ro\/?tribe_events=ridica-receptorul-telefonului-amintirilor-la-biblioteca","eventAttendanceMode":"https:\/\/schema.org\/OfflineEventAttendanceMode","eventStatus":"https:\/\/schema.org\/EventScheduled","startDate":"2024-07-23T08:00:00+03:00","endDate":"2024-08-31T20:00:00+03:00","location":{"@type":"Place","name":"Biblioteca Jude\u021bean\u0103 &#8222;Octavian Goga&#8221; Cluj","description":"","url":"","address":{"@type":"PostalAddress","streetAddress":"Calea Doroban\u021bilor nr. 104","addressLocality":"Cluj-Napoca","addressCountry":"Romania"},"telephone":"","sameAs":""},"organizer":{"@type":"Person","name":"Asocia\u021bia Punctart&#038;Muzeul Memoriei","description":"","url":"https:\/\/www.punctart.ro","telephone":"","email":"&#115;&#109;&#97;randa&#91;a&#116;]&#112;un&#99;&#116;&#97;&#114;t&#46;ro","sameAs":"https:\/\/www.punctart.ro"},"performer":"Organization"}}