{"id":9614,"global_id":"new.bjc.ro?id=9614","global_id_lineage":["new.bjc.ro?id=9614"],"author":"1","status":"publish","date":"2024-10-07 08:24:33","date_utc":"2024-10-07 05:24:33","modified":"2024-10-07 08:25:15","modified_utc":"2024-10-07 05:25:15","url":"https:\/\/new.bjc.ro\/?tribe_events=expozitie-de-fotografii-alb-negru","rest_url":"https:\/\/new.bjc.ro\/index.php?rest_route=\/tribe\/events\/v1\/events\/9614","title":"Expozi\u021bie de fotografii\u00a0alb-negru","description":"<p>V\u0103\u00a0invit\u0103m\u00a0cu\u00a0drag\u00a0la\u00a0o\u00a0expozi\u021bie\u00a0special\u0103\u00a0cu\u00a0fotografii\u00a0alb-negru realizate manual de c\u0103tre Daniel Dum\u0103nescu. Vernisajul va avea loc \u00een data de 8 octombrie\u00a02024,\u00a0ora\u00a018.30\u00a0\u00een\u00a0foaierul\u00a0bibliotecii.<\/p>","excerpt":"","slug":"expozitie-de-fotografii-alb-negru","image":{"url":"https:\/\/new.bjc.ro\/wp-content\/uploads\/2024\/10\/Afis.jpg","id":9615,"extension":"jpg","width":400,"height":567,"filesize":108864},"all_day":false,"start_date":"2024-10-08 18:30:00","start_date_details":{"year":"2024","month":"10","day":"08","hour":"18","minutes":"30","seconds":"00"},"end_date":"2024-10-08 20:00:00","end_date_details":{"year":"2024","month":"10","day":"08","hour":"20","minutes":"00","seconds":"00"},"utc_start_date":"2024-10-08 15:30:00","utc_start_date_details":{"year":"2024","month":"10","day":"08","hour":"15","minutes":"30","seconds":"00"},"utc_end_date":"2024-10-08 17:00:00","utc_end_date_details":{"year":"2024","month":"10","day":"08","hour":"17","minutes":"00","seconds":"00"},"timezone":"Europe\/Bucharest","timezone_abbr":"EEST","cost":"","cost_details":{"currency_symbol":"$","currency_code":"USD","currency_position":"prefix","values":[]},"website":"","show_map":true,"show_map_link":true,"hide_from_listings":false,"sticky":false,"featured":false,"categories":[{"name":"Expozi\u021bie","slug":"expozitie","term_group":0,"term_taxonomy_id":94,"taxonomy":"tribe_events_cat","description":"","parent":0,"count":47,"filter":"raw","id":94,"urls":{"self":"https:\/\/new.bjc.ro\/index.php?rest_route=\/tribe\/events\/v1\/categories\/94","collection":"https:\/\/new.bjc.ro\/index.php?rest_route=\/tribe\/events\/v1\/categories"}}],"tags":[{"name":"expozi\u021bie de fotografie","slug":"expozitie-de-fotografie","term_group":0,"term_taxonomy_id":160,"taxonomy":"post_tag","description":"","parent":0,"count":20,"filter":"raw","id":160,"urls":{"self":"https:\/\/new.bjc.ro\/index.php?rest_route=\/tribe\/events\/v1\/tags\/160","collection":"https:\/\/new.bjc.ro\/index.php?rest_route=\/tribe\/events\/v1\/tags"}}],"venue":{"id":3721,"author":"2","status":"publish","date":"2023-01-19 15:26:22","date_utc":"2023-01-19 13:26:22","modified":"2023-03-10 14:56:23","modified_utc":"2023-03-10 12:56:23","url":"https:\/\/new.bjc.ro\/?tribe_venue=biblioteca-judeteana-octavian-goga-cluj-2","venue":"Biblioteca Jude\u021bean\u0103 &#8222;Octavian Goga&#8221; Cluj","slug":"biblioteca-judeteana-octavian-goga-cluj-2","address":"Calea Doroban\u021bilor nr. 104","city":"Cluj-Napoca","country":"Romania","json_ld":{"@type":"Place","name":"Biblioteca Jude\u021bean\u0103 &#8222;Octavian Goga&#8221; Cluj","description":"","url":"","address":{"@type":"PostalAddress","streetAddress":"Calea Doroban\u021bilor nr. 104","addressLocality":"Cluj-Napoca","addressCountry":"Romania"},"telephone":"","sameAs":""},"show_map":true,"show_map_link":true,"global_id":"new.bjc.ro?id=3721","global_id_lineage":["new.bjc.ro?id=3721"]},"organizer":[],"custom_fields":[],"json_ld":{"@context":"http:\/\/schema.org","@type":"Event","name":"Expozi\u021bie de fotografii\u00a0alb-negru","description":"&lt;p&gt;V\u0103\u00a0invit\u0103m\u00a0cu\u00a0drag\u00a0la\u00a0o\u00a0expozi\u021bie\u00a0special\u0103\u00a0cu\u00a0fotografii\u00a0alb-negru realizate manual de c\u0103tre Daniel Dum\u0103nescu. Vernisajul va avea loc \u00een data de 8 octombrie\u00a02024,\u00a0ora\u00a018.30\u00a0\u00een\u00a0foaierul\u00a0bibliotecii.&lt;\/p&gt;\\n","image":"https:\/\/new.bjc.ro\/wp-content\/uploads\/2024\/10\/Afis.jpg","url":"https:\/\/new.bjc.ro\/?tribe_events=expozitie-de-fotografii-alb-negru","eventAttendanceMode":"https:\/\/schema.org\/OfflineEventAttendanceMode","eventStatus":"https:\/\/schema.org\/EventScheduled","startDate":"2024-10-08T18:30:00+03:00","endDate":"2024-10-08T20:00:00+03:00","location":{"@type":"Place","name":"Biblioteca Jude\u021bean\u0103 &#8222;Octavian Goga&#8221; Cluj","description":"","url":"","address":{"@type":"PostalAddress","streetAddress":"Calea Doroban\u021bilor nr. 104","addressLocality":"Cluj-Napoca","addressCountry":"Romania"},"telephone":"","sameAs":""},"performer":"Organization"}}