{"id":9818,"global_id":"new.bjc.ro?id=9818","global_id_lineage":["new.bjc.ro?id=9818"],"author":"1","status":"publish","date":"2024-11-25 08:22:05","date_utc":"2024-11-25 06:22:05","modified":"2024-11-25 08:22:05","modified_utc":"2024-11-25 06:22:05","url":"https:\/\/new.bjc.ro\/?tribe_events=vizionare-de-film-kinedok-lumea-conform-tatalui-meu-the-world-according-to-my-dad","rest_url":"https:\/\/new.bjc.ro\/index.php?rest_route=\/tribe\/events\/v1\/events\/9818","title":"Vizionare de film KineDok: Lumea conform tat\u0103lui meu\/ The World According to my Dad","description":"<p>Joi, 28 noiembrie, ora 19.00, v\u0103 invit\u0103m la o nou\u0103 proiec\u021bie Kinedok: <strong>Lumea conform tat\u0103lui meu\/The World According to my Dad (<\/strong>Republica Ceh\u0103, Slovacia, 2023, 77 min.)<\/p>\n<p><strong>Regia:<\/strong> Marta Kov\u00e1\u0159ov\u00e1<\/p>\n<p><strong>Imagine:<\/strong> Marta Kov\u00e1\u0159ov\u00e1, Petr Ka\u010d\u00edrek<\/p>\n<p><strong>Montaj:<\/strong> Varvara \u0160atunova<\/p>\n<p><strong>Sunet:<\/strong> Kl\u00e1ra Ja\u0161kov\u00e1<\/p>\n<p>\u201eAm crezut c\u0103 va fi mai u\u0219or\u201d, m\u0103rturise\u0219te regizoarea Marta Kov\u00e1\u0159ov\u00e1 la jum\u0103tatea filmului. Sub forma unui jurnal viu, ea surprinde lupta tat\u0103lui s\u0103u pentru dreptate climatic\u0103. Ji\u0159\u00ed Svoboda, de la Institutul de Fizic\u0103 a Materialelor al Academiei de \u0218tiin\u021be, a venit cu o idee ingenios de simpl\u0103 pentru a reduce emisiile de gaze cu efect de ser\u0103: el propune un pre\u021b global al carbonului. \u00censo\u021bit de aparatul de fotografiat \u0219i de c\u00e2ntecele fiicei sale, omul de \u0219tiin\u021b\u0103 din Brno ia parte la proteste locale \u0219i la summituri globale de mediu. Determinarea molipsitoare a ambilor protagoni\u0219ti se ciocne\u0219te \u00eens\u0103 de lentoarea politicienilor \u0219i de inflexibilitatea structurilor de putere. Cu toate acestea, Svoboda nu-\u0219i pierde niciodat\u0103 umorul \u0219i convingerea c\u0103 anumite lucruri au sens pur \u0219i simplu pentru c\u0103 sunt corecte.<\/p>\n<p><strong>Trailer:<\/strong><\/p>\n<p><a href=\"https:\/\/www.youtube.com\/watch?v=Rry5YZLz-Gk\">https:\/\/www.youtube.com\/watch?v=Rry5YZLz-Gk<\/a><\/p>\n<p><strong>Premii \u0219i festivaluri:<\/strong><\/p>\n<p>Premiul juriului studen\u021besc (Czech Joy) \u2013 Festivalul Interna\u021bional de Film Documentar Ji.hlava, 2023<\/p>\n<p><strong>Biografie regizoare:<\/strong><\/p>\n<p>Marta Kov\u00e1\u0159ov\u00e1 (1983) este o c\u00e2nt\u0103rea\u021b\u0103, compozitoare \u0219i chitarist\u0103 \u00een trupa Budo\u00e1r star\u00e9 d\u00e1my, dar \u0219i artist vizual \u0219i regizoare de teatru. Dup\u0103 ce a studiat la Facultatea de Arte Frumoase \u0219i Fizica Aplicat\u0103 la Facultatea de \u0218tiin\u021be a Universit\u0103\u021bii Tehnice din Brno, a ob\u021binut doctoratul la Facultatea de Educa\u021bie a Universit\u0103\u021bii Masaryk, unde lucreaz\u0103 acum ca profesor asistent la Departamentul de Educa\u021bie Artistic\u0103. \u201eThe World According to My Dad\u201d reprezint\u0103 debutul s\u0103u \u00een cinema.<\/p>\n<p><strong>PROGRAMUL VIZION\u0102RILOR VIITOARE:<\/strong><\/p>\n<p>12 decembrie &#8211; <strong>Sindromul Hamlet \/ The Hamlet Syndrome<\/strong> (Regia: Elwira Niewiera, Piotr Roso\u0142owski, Germania, Polonia, 2022, 85 min)<\/p>\n<p>9 ianuarie- <strong>Blix, nu bombe \/ Blix, not bombs<\/strong> (Regia: Greta Stocklassa, Republica Ceh\u0103, Suedia, Germania, 2023, 83 min)<\/p>\n<p>23 ianuarie &#8211; <strong>Snajka: Jurnalul a\u0219tept\u0103rilor \/ Snajka: Diary of Expectations<\/strong> (Regia: Tea Vidovi\u0107 Dalipi, Croa\u021bia, Italia, Kosovo, 2023, 75 min)<\/p>\n<p>6 februarie &#8211; <strong>Z\u00e2mbetul Georgiei\/Smiling Georgia<\/strong> (Regia: Luka Beradze, Georgia, Germania, 2023, 62 min)<\/p>\n<p>20 februarie &#8211; <strong>Fotofobia \/ Photophobia<\/strong> (Regia: Ivan Ostrochovsk\u00fd, Pavol Pekar\u010d\u00edk, Slovacia, Republica Ceh\u0103, Ucraina, 2023, 71 min)<\/p>\n<p>6 martie &#8211; <strong>Cazul inginerului Ursu \/ The Case of Engineer Ursu<\/strong> (Regia: Liviu Tofan, \u0218erban Georgescu, Rom\u00e2nia, 2023, 98 min)<\/p>\n<p>20 martie &#8211; <strong>+90<\/strong> (Regia: Marek Kubo\u0161, Slovacia, 2022, 90 min)<\/p>\n<p>3 aprilie &#8211; <strong>Ce e de f\u0103cut? \/ What\u2019s to Be Done?<\/strong> (Regia: Goran Devi\u0107, Croa\u021bia, 2023, 79 minute)<\/p>\n<p>17 aprilie &#8211; <strong>To\u021bi b\u0103rba\u021bii devin fra\u021bi \/ All Men Become Brothers<\/strong> (Regia: Robert Kirchhoff, Republica Ceh\u0103, Slovacia, 2023, 116 min)<\/p>\n<p>Proiec\u021biile fac parte din proiectul KineDok, implementat de Asocia\u021bia One World Rom\u00e2nia cu sprijinul Creative Europe &#8211; MEDIA Programme of the European Union, Centrul Na\u021bional al Cinematografiei.<\/p>\n<p>&nbsp;<\/p>\n<p>&nbsp;<\/p>","excerpt":"","slug":"vizionare-de-film-kinedok-lumea-conform-tatalui-meu-the-world-according-to-my-dad","image":{"url":"https:\/\/new.bjc.ro\/wp-content\/uploads\/2024\/11\/KineDok_Lumea-conform-tatalui-meu_28_11_24.jpg","id":9819,"extension":"jpg","width":400,"height":565,"filesize":77155},"all_day":false,"start_date":"2024-11-28 19:00:00","start_date_details":{"year":"2024","month":"11","day":"28","hour":"19","minutes":"00","seconds":"00"},"end_date":"2024-11-28 20:00:00","end_date_details":{"year":"2024","month":"11","day":"28","hour":"20","minutes":"00","seconds":"00"},"utc_start_date":"2024-11-28 17:00:00","utc_start_date_details":{"year":"2024","month":"11","day":"28","hour":"17","minutes":"00","seconds":"00"},"utc_end_date":"2024-11-28 18:00:00","utc_end_date_details":{"year":"2024","month":"11","day":"28","hour":"18","minutes":"00","seconds":"00"},"timezone":"Europe\/Bucharest","timezone_abbr":"EET","cost":"","cost_details":{"currency_symbol":"$","currency_code":"USD","currency_position":"prefix","values":[]},"website":"","show_map":true,"show_map_link":true,"hide_from_listings":false,"sticky":false,"featured":false,"categories":[{"name":"Evenimente","slug":"evenimente","term_group":0,"term_taxonomy_id":28,"taxonomy":"tribe_events_cat","description":"","parent":0,"count":194,"filter":"raw","id":28,"urls":{"self":"https:\/\/new.bjc.ro\/index.php?rest_route=\/tribe\/events\/v1\/categories\/28","collection":"https:\/\/new.bjc.ro\/index.php?rest_route=\/tribe\/events\/v1\/categories"}}],"tags":[{"name":"vizionare film","slug":"vizionare-film","term_group":0,"term_taxonomy_id":129,"taxonomy":"post_tag","description":"","parent":0,"count":39,"filter":"raw","id":129,"urls":{"self":"https:\/\/new.bjc.ro\/index.php?rest_route=\/tribe\/events\/v1\/tags\/129","collection":"https:\/\/new.bjc.ro\/index.php?rest_route=\/tribe\/events\/v1\/tags"}}],"venue":{"id":3721,"author":"2","status":"publish","date":"2023-01-19 15:26:22","date_utc":"2023-01-19 13:26:22","modified":"2023-03-10 14:56:23","modified_utc":"2023-03-10 12:56:23","url":"https:\/\/new.bjc.ro\/?tribe_venue=biblioteca-judeteana-octavian-goga-cluj-2","venue":"Biblioteca Jude\u021bean\u0103 &#8222;Octavian Goga&#8221; Cluj","slug":"biblioteca-judeteana-octavian-goga-cluj-2","address":"Calea Doroban\u021bilor nr. 104","city":"Cluj-Napoca","country":"Romania","json_ld":{"@type":"Place","name":"Biblioteca Jude\u021bean\u0103 &#8222;Octavian Goga&#8221; Cluj","description":"","url":"","address":{"@type":"PostalAddress","streetAddress":"Calea Doroban\u021bilor nr. 104","addressLocality":"Cluj-Napoca","addressCountry":"Romania"},"telephone":"","sameAs":""},"show_map":true,"show_map_link":true,"global_id":"new.bjc.ro?id=3721","global_id_lineage":["new.bjc.ro?id=3721"]},"organizer":[{"id":2810,"author":"1","status":"publish","date":"2022-11-25 11:43:24","date_utc":"2022-11-25 11:43:24","modified":"2023-05-31 11:13:00","modified_utc":"2023-05-31 08:13:00","url":"https:\/\/new.bjc.ro\/?tribe_organizer=biblioteca-judeteana-octavian-goga-cluj","organizer":"Biblioteca Jude\u021bean\u0103 \u201eOctavian Goga\u201d Cluj","slug":"biblioteca-judeteana-octavian-goga-cluj","email":"bjc[at]bjc.ro","json_ld":{"@type":"Person","name":"Biblioteca Jude\u021bean\u0103 \u201eOctavian Goga\u201d Cluj","description":"","url":"","telephone":"","email":"&#98;jc&#91;&#97;t]&#98;j&#99;.ro","sameAs":""},"global_id":"new.bjc.ro?id=2810","global_id_lineage":["new.bjc.ro?id=2810"]}],"custom_fields":[],"json_ld":{"@context":"http:\/\/schema.org","@type":"Event","name":"Vizionare de film KineDok: Lumea conform tat\u0103lui meu\/ The World According to my Dad","description":"&lt;p&gt;Joi, 28 noiembrie, ora 19.00, v\u0103 invit\u0103m la o nou\u0103 proiec\u021bie Kinedok: Lumea conform tat\u0103lui meu\/The World According to my Dad (Republica Ceh\u0103, Slovacia, 2023, 77 min.) Regia: Marta Kov\u00e1\u0159ov\u00e1 Imagine: Marta Kov\u00e1\u0159ov\u00e1, Petr Ka\u010d\u00edrek Montaj: Varvara \u0160atunova Sunet: Kl\u00e1ra Ja\u0161kov\u00e1 \u201eAm crezut c\u0103 va fi mai u\u0219or\u201d, m\u0103rturise\u0219te regizoarea&hellip; &lt;br \/&gt; &lt;a class=&quot;read-more&quot; href=&quot;https:\/\/new.bjc.ro\/?tribe_events=vizionare-de-film-kinedok-lumea-conform-tatalui-meu-the-world-according-to-my-dad&quot;&gt;Cite\u0219te mai mult&lt;\/a&gt;&lt;\/p&gt;\\n","image":"https:\/\/new.bjc.ro\/wp-content\/uploads\/2024\/11\/KineDok_Lumea-conform-tatalui-meu_28_11_24.jpg","url":"https:\/\/new.bjc.ro\/?tribe_events=vizionare-de-film-kinedok-lumea-conform-tatalui-meu-the-world-according-to-my-dad","eventAttendanceMode":"https:\/\/schema.org\/OfflineEventAttendanceMode","eventStatus":"https:\/\/schema.org\/EventScheduled","startDate":"2024-11-28T19:00:00+02:00","endDate":"2024-11-28T20:00:00+02:00","location":{"@type":"Place","name":"Biblioteca Jude\u021bean\u0103 &#8222;Octavian Goga&#8221; Cluj","description":"","url":"","address":{"@type":"PostalAddress","streetAddress":"Calea Doroban\u021bilor nr. 104","addressLocality":"Cluj-Napoca","addressCountry":"Romania"},"telephone":"","sameAs":""},"organizer":{"@type":"Person","name":"Biblioteca Jude\u021bean\u0103 \u201eOctavian Goga\u201d Cluj","description":"","url":"","telephone":"","email":"&#98;&#106;&#99;[&#97;t&#93;&#98;jc.ro","sameAs":""},"performer":"Organization"}}