{"id":10030,"date":"2025-01-17T12:08:46","date_gmt":"2025-01-17T10:08:46","guid":{"rendered":"https:\/\/new.bjc.ro\/?p=10030"},"modified":"2025-01-17T12:10:42","modified_gmt":"2025-01-17T10:10:42","slug":"dezvoltarea-competentei-de-sensibilizare-si-expresie-culturala-la-biblioteca-municipala-meriadeck-din-bordeaux-franta","status":"publish","type":"post","link":"https:\/\/new.bjc.ro\/?p=10030","title":{"rendered":"Dezvoltarea competen\u021bei de sensibilizare \u0219i expresie cultural\u0103 la Biblioteca Municipal\u0103 M\u00e9riadeck din Bordeaux (Fran\u021ba)"},"content":{"rendered":"<p style=\"text-align: left;\"><strong>Diana Baciu, <span style=\"background-color: transparent;\">Diana Prodea<\/span><\/strong><\/p>\n<p style=\"text-align: left;\">Una din capacit\u0103\u021bile definitorii ale fiin\u021bei umane este aceea de a acorda o semnifica\u021bie lucrurilor din lume; tot ceea ce percepem prin sim\u021buri, ceea ce experiment\u0103m, este supus unui proces de semnifica\u021bie simbolic\u0103, ghidat de capacitatea de a ne exprima pe noi \u00een\u0219ine \u0219i de con\u0219tientizarea noastr\u0103 cultural\u0103.<\/p>\n<p style=\"text-align: left;\">Termenul \u201ecultur\u0103\u201d cunoa\u0219te mai multe defini\u021bii. \u00cen sens larg, poate fi definit \u00een rela\u021bie cu patrimoniul, cu toate disciplinele umaniste, cu filosofia \u0219i, \u00een cele din urm\u0103, cu \u00eentregul spectru al comportamentului uman.\u00a0O defini\u021bie cuprinz\u0103toare este dat\u0103 de UNESCO \u00een Declara\u021bia Universal\u0103 privind Diversitatea Cultural\u0103, adoptat\u0103 \u00een 2001: \u201eCultura trebuie considerat\u0103 drept ansamblul tr\u0103s\u0103turilor distinctive spirituale \u0219i materiale, intelectuale \u0219i afective care caracterizeaz\u0103 o societate sau un grup social. Ea \u00eenglobeaz\u0103, pe l\u00e2ng\u0103 art\u0103 \u0219i literatur\u0103, modurile de via\u021b\u0103, de a tr\u0103i \u00eempreun\u0103, sistemele de valori, tradi\u021biile \u0219i credin\u021bele.\u201d (n.tr.)<\/p>\n<p style=\"text-align: left;\">Este firesc, chiar \u0219i \u00een lumea contemporan\u0103 globalizat\u0103, s\u0103 existe un mozaic de culturi, o tapiserie bogat\u0103 de tradi\u021bii, credin\u021be \u0219i comportamente care definesc diverse societ\u0103\u021bi, o varietate de perspective asupra lumii \u0219i a vie\u021bii umane. Raportarea acestora unele la altele se face uneori \u00een spiritul deschiderii, al respectului sau al valoriz\u0103rii \u0219i \u00eembog\u0103\u021birii reciproce, alteori \u00een cel al marginaliz\u0103rii, al fricii, al excluderii, al stereotipurilor \u0219i stigmatiz\u0103rii, al radicaliz\u0103rii \u0219i al violen\u021bei. Una dintre provoc\u0103rile societ\u0103\u021bii contemporane sunt schimb\u0103rile rapide la nivel global care provoac\u0103 crize de identitate \u0219i pun sub semnul \u00eentreb\u0103rii modelele comunitare existente \u0219i propria imagine de sine.<\/p>\n<p style=\"text-align: left;\"><a href=\"https:\/\/new.bjc.ro\/wp-content\/uploads\/2025\/01\/49-57_DianaBaciu_DianaProdea.pdf\">\u00centreg articolul<\/a><\/p>\n<p><a href=\"#_ftnref1\" name=\"_ftn1\"><\/a><\/p>\n<p>&nbsp;<\/p>\n","protected":false},"excerpt":{"rendered":"<p>Diana Baciu, Diana Prodea Una din capacit\u0103\u021bile definitorii ale fiin\u021bei umane este aceea de a acorda o semnifica\u021bie lucrurilor din lume; tot ceea ce percepem prin sim\u021buri, ceea ce experiment\u0103m, este supus unui proces de semnifica\u021bie simbolic\u0103, ghidat de capacitatea de a ne exprima pe noi \u00een\u0219ine \u0219i de con\u0219tientizarea&hellip; <br \/> <a class=\"read-more\" href=\"https:\/\/new.bjc.ro\/?p=10030\">Cite\u0219te mai mult<\/a><\/p>\n","protected":false},"author":3,"featured_media":0,"comment_status":"closed","ping_status":"open","sticky":false,"template":"","format":"standard","meta":{"_monsterinsights_skip_tracking":false,"_monsterinsights_sitenote_active":false,"_monsterinsights_sitenote_note":"","_monsterinsights_sitenote_category":0,"_EventAllDay":false,"_EventTimezone":"","_EventStartDate":"","_EventEndDate":"","_EventStartDateUTC":"","_EventEndDateUTC":"","_EventShowMap":false,"_EventShowMapLink":false,"_EventURL":"","_EventCost":"","_EventCostDescription":"","_EventCurrencySymbol":"","_EventCurrencyCode":"","_EventCurrencyPosition":"","_EventDateTimeSeparator":"","_EventTimeRangeSeparator":"","_EventOrganizerID":[],"_EventVenueID":[],"_OrganizerEmail":"","_OrganizerPhone":"","_OrganizerWebsite":"","_VenueAddress":"","_VenueCity":"","_VenueCountry":"","_VenueProvince":"","_VenueState":"","_VenueZip":"","_VenuePhone":"","_VenueURL":"","_VenueStateProvince":"","_VenueLat":"","_VenueLng":"","_VenueShowMap":false,"_VenueShowMapLink":false,"footnotes":""},"categories":[77],"tags":[],"class_list":["post-10030","post","type-post","status-publish","format-standard","hentry","category-biblioteconomie"],"gutentor_comment":0,"yoast_head":"<!-- This site is optimized with the Yoast SEO plugin v24.6 - https:\/\/yoast.com\/wordpress\/plugins\/seo\/ -->\n<title>Dezvoltarea competen\u021bei de sensibilizare \u0219i expresie cultural\u0103 la Biblioteca Municipal\u0103 M\u00e9riadeck din Bordeaux (Fran\u021ba) - Biblioteca Jude\u021bean\u0103 \u201eOctavian Goga\u201d Cluj<\/title>\n<meta name=\"robots\" content=\"index, follow, max-snippet:-1, max-image-preview:large, max-video-preview:-1\" \/>\n<link rel=\"canonical\" href=\"https:\/\/new.bjc.ro\/?p=10030\" \/>\n<meta property=\"og:locale\" content=\"ro_RO\" \/>\n<meta property=\"og:type\" content=\"article\" \/>\n<meta property=\"og:title\" content=\"Dezvoltarea competen\u021bei de sensibilizare \u0219i expresie cultural\u0103 la Biblioteca Municipal\u0103 M\u00e9riadeck din Bordeaux (Fran\u021ba) - Biblioteca Jude\u021bean\u0103 \u201eOctavian Goga\u201d Cluj\" \/>\n<meta property=\"og:description\" content=\"Diana Baciu, Diana Prodea Una din capacit\u0103\u021bile definitorii ale fiin\u021bei umane este aceea de a acorda o semnifica\u021bie lucrurilor din lume; tot ceea ce percepem prin sim\u021buri, ceea ce experiment\u0103m, este supus unui proces de semnifica\u021bie simbolic\u0103, ghidat de capacitatea de a ne exprima pe noi \u00een\u0219ine \u0219i de con\u0219tientizarea&hellip; Cite\u0219te mai mult\" \/>\n<meta property=\"og:url\" content=\"https:\/\/new.bjc.ro\/?p=10030\" \/>\n<meta property=\"og:site_name\" content=\"Biblioteca Jude\u021bean\u0103 \u201eOctavian Goga\u201d Cluj\" \/>\n<meta property=\"article:publisher\" content=\"https:\/\/www.facebook.com\/bibliotecacluj\/\" \/>\n<meta property=\"article:published_time\" content=\"2025-01-17T10:08:46+00:00\" \/>\n<meta property=\"article:modified_time\" content=\"2025-01-17T10:10:42+00:00\" \/>\n<meta property=\"og:image\" content=\"https:\/\/new.bjc.ro\/wp-content\/uploads\/2023\/01\/IMG_5597-1.jpg\" \/>\n\t<meta property=\"og:image:width\" content=\"2000\" \/>\n\t<meta property=\"og:image:height\" content=\"1333\" \/>\n\t<meta property=\"og:image:type\" content=\"image\/jpeg\" \/>\n<meta name=\"author\" content=\"Anca Docolin\" \/>\n<meta name=\"twitter:card\" content=\"summary_large_image\" \/>\n<meta name=\"twitter:creator\" content=\"@BibliotecaGoga\" \/>\n<meta name=\"twitter:site\" content=\"@BibliotecaGoga\" \/>\n<meta name=\"twitter:label1\" content=\"Scris de\" \/>\n\t<meta name=\"twitter:data1\" content=\"Anca Docolin\" \/>\n\t<meta name=\"twitter:label2\" content=\"Timp estimat pentru citire\" \/>\n\t<meta name=\"twitter:data2\" content=\"2 minute\" \/>\n<script type=\"application\/ld+json\" class=\"yoast-schema-graph\">{\"@context\":\"https:\/\/schema.org\",\"@graph\":[{\"@type\":\"Article\",\"@id\":\"https:\/\/new.bjc.ro\/?p=10030#article\",\"isPartOf\":{\"@id\":\"https:\/\/new.bjc.ro\/?p=10030\"},\"author\":{\"name\":\"Anca Docolin\",\"@id\":\"https:\/\/new.bjc.ro\/#\/schema\/person\/660b9e87eeb0d9945f8af75e9001ca7b\"},\"headline\":\"Dezvoltarea competen\u021bei de sensibilizare \u0219i expresie cultural\u0103 la Biblioteca Municipal\u0103 M\u00e9riadeck din Bordeaux (Fran\u021ba)\",\"datePublished\":\"2025-01-17T10:08:46+00:00\",\"dateModified\":\"2025-01-17T10:10:42+00:00\",\"mainEntityOfPage\":{\"@id\":\"https:\/\/new.bjc.ro\/?p=10030\"},\"wordCount\":299,\"publisher\":{\"@id\":\"https:\/\/new.bjc.ro\/#organization\"},\"articleSection\":[\"Biblioteconomie\"],\"inLanguage\":\"ro-RO\"},{\"@type\":\"WebPage\",\"@id\":\"https:\/\/new.bjc.ro\/?p=10030\",\"url\":\"https:\/\/new.bjc.ro\/?p=10030\",\"name\":\"Dezvoltarea competen\u021bei de sensibilizare \u0219i expresie cultural\u0103 la Biblioteca Municipal\u0103 M\u00e9riadeck din Bordeaux (Fran\u021ba) - Biblioteca Jude\u021bean\u0103 \u201eOctavian Goga\u201d Cluj\",\"isPartOf\":{\"@id\":\"https:\/\/new.bjc.ro\/#website\"},\"datePublished\":\"2025-01-17T10:08:46+00:00\",\"dateModified\":\"2025-01-17T10:10:42+00:00\",\"breadcrumb\":{\"@id\":\"https:\/\/new.bjc.ro\/?p=10030#breadcrumb\"},\"inLanguage\":\"ro-RO\",\"potentialAction\":[{\"@type\":\"ReadAction\",\"target\":[\"https:\/\/new.bjc.ro\/?p=10030\"]}]},{\"@type\":\"BreadcrumbList\",\"@id\":\"https:\/\/new.bjc.ro\/?p=10030#breadcrumb\",\"itemListElement\":[{\"@type\":\"ListItem\",\"position\":1,\"name\":\"Home\",\"item\":\"https:\/\/new.bjc.ro\/\"},{\"@type\":\"ListItem\",\"position\":2,\"name\":\"Dezvoltarea competen\u021bei de sensibilizare \u0219i expresie cultural\u0103 la Biblioteca Municipal\u0103 M\u00e9riadeck din Bordeaux (Fran\u021ba)\"}]},{\"@type\":\"WebSite\",\"@id\":\"https:\/\/new.bjc.ro\/#website\",\"url\":\"https:\/\/new.bjc.ro\/\",\"name\":\"Biblioteca Jude\u021bean\u0103 \u201eOctavian Goga\u201d Cluj\",\"description\":\"\",\"publisher\":{\"@id\":\"https:\/\/new.bjc.ro\/#organization\"},\"alternateName\":\"Biblioteca Jude\u021bean\u0103 Cluj\",\"potentialAction\":[{\"@type\":\"SearchAction\",\"target\":{\"@type\":\"EntryPoint\",\"urlTemplate\":\"https:\/\/new.bjc.ro\/?s={search_term_string}\"},\"query-input\":{\"@type\":\"PropertyValueSpecification\",\"valueRequired\":true,\"valueName\":\"search_term_string\"}}],\"inLanguage\":\"ro-RO\"},{\"@type\":\"Organization\",\"@id\":\"https:\/\/new.bjc.ro\/#organization\",\"name\":\"Biblioteca Jude\u021bean\u0103 \u201eOctavian Goga\u201d Cluj\",\"url\":\"https:\/\/new.bjc.ro\/\",\"logo\":{\"@type\":\"ImageObject\",\"inLanguage\":\"ro-RO\",\"@id\":\"https:\/\/new.bjc.ro\/#\/schema\/logo\/image\/\",\"url\":\"https:\/\/new.bjc.ro\/wp-content\/uploads\/2023\/03\/sigle.jpg\",\"contentUrl\":\"https:\/\/new.bjc.ro\/wp-content\/uploads\/2023\/03\/sigle.jpg\",\"width\":630,\"height\":473,\"caption\":\"Biblioteca Jude\u021bean\u0103 \u201eOctavian Goga\u201d Cluj\"},\"image\":{\"@id\":\"https:\/\/new.bjc.ro\/#\/schema\/logo\/image\/\"},\"sameAs\":[\"https:\/\/www.facebook.com\/bibliotecacluj\/\",\"https:\/\/x.com\/BibliotecaGoga\",\"https:\/\/www.instagram.com\/biblioteca_judeteana_cluj\/\",\"https:\/\/www.youtube.com\/user\/BibliotecaGoga\"]},{\"@type\":\"Person\",\"@id\":\"https:\/\/new.bjc.ro\/#\/schema\/person\/660b9e87eeb0d9945f8af75e9001ca7b\",\"name\":\"Anca Docolin\",\"image\":{\"@type\":\"ImageObject\",\"inLanguage\":\"ro-RO\",\"@id\":\"https:\/\/new.bjc.ro\/#\/schema\/person\/image\/\",\"url\":\"https:\/\/secure.gravatar.com\/avatar\/48c0ed2d407bc0295cd1c5e4624bff9d?s=96&d=mm&r=g\",\"contentUrl\":\"https:\/\/secure.gravatar.com\/avatar\/48c0ed2d407bc0295cd1c5e4624bff9d?s=96&d=mm&r=g\",\"caption\":\"Anca Docolin\"},\"url\":\"https:\/\/new.bjc.ro\/?author=3\"}]}<\/script>\n<!-- \/ Yoast SEO plugin. -->","yoast_head_json":{"title":"Dezvoltarea competen\u021bei de sensibilizare \u0219i expresie cultural\u0103 la Biblioteca Municipal\u0103 M\u00e9riadeck din Bordeaux (Fran\u021ba) - Biblioteca Jude\u021bean\u0103 \u201eOctavian Goga\u201d Cluj","robots":{"index":"index","follow":"follow","max-snippet":"max-snippet:-1","max-image-preview":"max-image-preview:large","max-video-preview":"max-video-preview:-1"},"canonical":"https:\/\/new.bjc.ro\/?p=10030","og_locale":"ro_RO","og_type":"article","og_title":"Dezvoltarea competen\u021bei de sensibilizare \u0219i expresie cultural\u0103 la Biblioteca Municipal\u0103 M\u00e9riadeck din Bordeaux (Fran\u021ba) - Biblioteca Jude\u021bean\u0103 \u201eOctavian Goga\u201d Cluj","og_description":"Diana Baciu, Diana Prodea Una din capacit\u0103\u021bile definitorii ale fiin\u021bei umane este aceea de a acorda o semnifica\u021bie lucrurilor din lume; tot ceea ce percepem prin sim\u021buri, ceea ce experiment\u0103m, este supus unui proces de semnifica\u021bie simbolic\u0103, ghidat de capacitatea de a ne exprima pe noi \u00een\u0219ine \u0219i de con\u0219tientizarea&hellip; Cite\u0219te mai mult","og_url":"https:\/\/new.bjc.ro\/?p=10030","og_site_name":"Biblioteca Jude\u021bean\u0103 \u201eOctavian Goga\u201d Cluj","article_publisher":"https:\/\/www.facebook.com\/bibliotecacluj\/","article_published_time":"2025-01-17T10:08:46+00:00","article_modified_time":"2025-01-17T10:10:42+00:00","og_image":[{"width":2000,"height":1333,"url":"https:\/\/new.bjc.ro\/wp-content\/uploads\/2023\/01\/IMG_5597-1.jpg","type":"image\/jpeg"}],"author":"Anca Docolin","twitter_card":"summary_large_image","twitter_creator":"@BibliotecaGoga","twitter_site":"@BibliotecaGoga","twitter_misc":{"Scris de":"Anca Docolin","Timp estimat pentru citire":"2 minute"},"schema":{"@context":"https:\/\/schema.org","@graph":[{"@type":"Article","@id":"https:\/\/new.bjc.ro\/?p=10030#article","isPartOf":{"@id":"https:\/\/new.bjc.ro\/?p=10030"},"author":{"name":"Anca Docolin","@id":"https:\/\/new.bjc.ro\/#\/schema\/person\/660b9e87eeb0d9945f8af75e9001ca7b"},"headline":"Dezvoltarea competen\u021bei de sensibilizare \u0219i expresie cultural\u0103 la Biblioteca Municipal\u0103 M\u00e9riadeck din Bordeaux (Fran\u021ba)","datePublished":"2025-01-17T10:08:46+00:00","dateModified":"2025-01-17T10:10:42+00:00","mainEntityOfPage":{"@id":"https:\/\/new.bjc.ro\/?p=10030"},"wordCount":299,"publisher":{"@id":"https:\/\/new.bjc.ro\/#organization"},"articleSection":["Biblioteconomie"],"inLanguage":"ro-RO"},{"@type":"WebPage","@id":"https:\/\/new.bjc.ro\/?p=10030","url":"https:\/\/new.bjc.ro\/?p=10030","name":"Dezvoltarea competen\u021bei de sensibilizare \u0219i expresie cultural\u0103 la Biblioteca Municipal\u0103 M\u00e9riadeck din Bordeaux (Fran\u021ba) - Biblioteca Jude\u021bean\u0103 \u201eOctavian Goga\u201d Cluj","isPartOf":{"@id":"https:\/\/new.bjc.ro\/#website"},"datePublished":"2025-01-17T10:08:46+00:00","dateModified":"2025-01-17T10:10:42+00:00","breadcrumb":{"@id":"https:\/\/new.bjc.ro\/?p=10030#breadcrumb"},"inLanguage":"ro-RO","potentialAction":[{"@type":"ReadAction","target":["https:\/\/new.bjc.ro\/?p=10030"]}]},{"@type":"BreadcrumbList","@id":"https:\/\/new.bjc.ro\/?p=10030#breadcrumb","itemListElement":[{"@type":"ListItem","position":1,"name":"Home","item":"https:\/\/new.bjc.ro\/"},{"@type":"ListItem","position":2,"name":"Dezvoltarea competen\u021bei de sensibilizare \u0219i expresie cultural\u0103 la Biblioteca Municipal\u0103 M\u00e9riadeck din Bordeaux (Fran\u021ba)"}]},{"@type":"WebSite","@id":"https:\/\/new.bjc.ro\/#website","url":"https:\/\/new.bjc.ro\/","name":"Biblioteca Jude\u021bean\u0103 \u201eOctavian Goga\u201d Cluj","description":"","publisher":{"@id":"https:\/\/new.bjc.ro\/#organization"},"alternateName":"Biblioteca Jude\u021bean\u0103 Cluj","potentialAction":[{"@type":"SearchAction","target":{"@type":"EntryPoint","urlTemplate":"https:\/\/new.bjc.ro\/?s={search_term_string}"},"query-input":{"@type":"PropertyValueSpecification","valueRequired":true,"valueName":"search_term_string"}}],"inLanguage":"ro-RO"},{"@type":"Organization","@id":"https:\/\/new.bjc.ro\/#organization","name":"Biblioteca Jude\u021bean\u0103 \u201eOctavian Goga\u201d Cluj","url":"https:\/\/new.bjc.ro\/","logo":{"@type":"ImageObject","inLanguage":"ro-RO","@id":"https:\/\/new.bjc.ro\/#\/schema\/logo\/image\/","url":"https:\/\/new.bjc.ro\/wp-content\/uploads\/2023\/03\/sigle.jpg","contentUrl":"https:\/\/new.bjc.ro\/wp-content\/uploads\/2023\/03\/sigle.jpg","width":630,"height":473,"caption":"Biblioteca Jude\u021bean\u0103 \u201eOctavian Goga\u201d Cluj"},"image":{"@id":"https:\/\/new.bjc.ro\/#\/schema\/logo\/image\/"},"sameAs":["https:\/\/www.facebook.com\/bibliotecacluj\/","https:\/\/x.com\/BibliotecaGoga","https:\/\/www.instagram.com\/biblioteca_judeteana_cluj\/","https:\/\/www.youtube.com\/user\/BibliotecaGoga"]},{"@type":"Person","@id":"https:\/\/new.bjc.ro\/#\/schema\/person\/660b9e87eeb0d9945f8af75e9001ca7b","name":"Anca Docolin","image":{"@type":"ImageObject","inLanguage":"ro-RO","@id":"https:\/\/new.bjc.ro\/#\/schema\/person\/image\/","url":"https:\/\/secure.gravatar.com\/avatar\/48c0ed2d407bc0295cd1c5e4624bff9d?s=96&d=mm&r=g","contentUrl":"https:\/\/secure.gravatar.com\/avatar\/48c0ed2d407bc0295cd1c5e4624bff9d?s=96&d=mm&r=g","caption":"Anca Docolin"},"url":"https:\/\/new.bjc.ro\/?author=3"}]}},"_links":{"self":[{"href":"https:\/\/new.bjc.ro\/index.php?rest_route=\/wp\/v2\/posts\/10030","targetHints":{"allow":["GET"]}}],"collection":[{"href":"https:\/\/new.bjc.ro\/index.php?rest_route=\/wp\/v2\/posts"}],"about":[{"href":"https:\/\/new.bjc.ro\/index.php?rest_route=\/wp\/v2\/types\/post"}],"author":[{"embeddable":true,"href":"https:\/\/new.bjc.ro\/index.php?rest_route=\/wp\/v2\/users\/3"}],"replies":[{"embeddable":true,"href":"https:\/\/new.bjc.ro\/index.php?rest_route=%2Fwp%2Fv2%2Fcomments&post=10030"}],"version-history":[{"count":2,"href":"https:\/\/new.bjc.ro\/index.php?rest_route=\/wp\/v2\/posts\/10030\/revisions"}],"predecessor-version":[{"id":10033,"href":"https:\/\/new.bjc.ro\/index.php?rest_route=\/wp\/v2\/posts\/10030\/revisions\/10033"}],"wp:attachment":[{"href":"https:\/\/new.bjc.ro\/index.php?rest_route=%2Fwp%2Fv2%2Fmedia&parent=10030"}],"wp:term":[{"taxonomy":"category","embeddable":true,"href":"https:\/\/new.bjc.ro\/index.php?rest_route=%2Fwp%2Fv2%2Fcategories&post=10030"},{"taxonomy":"post_tag","embeddable":true,"href":"https:\/\/new.bjc.ro\/index.php?rest_route=%2Fwp%2Fv2%2Ftags&post=10030"}],"curies":[{"name":"wp","href":"https:\/\/api.w.org\/{rel}","templated":true}]}}