{"id":10034,"date":"2025-01-17T12:21:59","date_gmt":"2025-01-17T10:21:59","guid":{"rendered":"https:\/\/new.bjc.ro\/?p=10034"},"modified":"2025-01-21T13:45:19","modified_gmt":"2025-01-21T11:45:19","slug":"conexiuni-internationale-experienta-bibliotecarilor-romani-la-cel-de-al-treilea-forum-al-curatorilor-uniunii-bibliotecilor-din-china-si-statele-central-est-europene","status":"publish","type":"post","link":"https:\/\/new.bjc.ro\/?p=10034","title":{"rendered":"Conexiuni interna\u021bionale: experien\u021ba bibliotecarilor rom\u00e2ni la Cel de-al Treilea Forum al Curatorilor Uniunii Bibliotecilor din China \u0219i statele central-est europene"},"content":{"rendered":"<p style=\"text-align: left;\"><strong>Ramona C\u00e2mpean<\/strong><\/p>\n<p style=\"text-align: left;\">\u00cen ultimele decenii, rela\u021biile dintre China \u0219i Europa Central\u0103 \u0219i de Est au cunoscut o expansiune semnificativ\u0103, caracterizat\u0103 prin colabor\u0103ri economice, culturale \u0219i politice. \u021a\u0103rile din aceast\u0103 regiune au \u00eenceput s\u0103 caute noi parteneriate \u0219i oportunit\u0103\u021bi de dezvoltare, iar China, \u00een efortul s\u0103u de a-\u0219i extinde influen\u021ba, a devenit un partener de interes.\u00a0Aceste interac\u021biuni au dus la o deschidere mai mare c\u0103tre colaborarea cultural\u0103, \u00een cadrul c\u0103rora bibliotecile joac\u0103 un rol esen\u021bial. Aceste institu\u021bii sprijin\u0103 nu doar accesul la informa\u021bie, ci \u0219i promovarea dialogului intercultural, contribuind la dezvoltarea comunit\u0103\u021bilor locale. Forumuri \u0219i evenimente culturale, precum cel al Curatorilor Uniunii Bibliotecilor din China \u0219i CEEC, subliniaz\u0103 rolul crucial al colabor\u0103rii \u00een consolidarea acestor rela\u021bii bilaterale.<\/p>\n<p style=\"text-align: left;\">Cu toate acestea, contextul geopolitic global influen\u021beaz\u0103 aceste rela\u021bii, iar percep\u021biile despre China variaz\u0103 considerabil, oscil\u00e2nd \u00eentre deschidere \u0219i scepticism. Aceast\u0103 diversitate de opinii face ca interac\u021biunea cultural\u0103 s\u0103 fie fluid\u0103 \u0219i plin\u0103 de provoc\u0103ri, gener\u00e2nd temeri legate de riscul ca regiunea s\u0103 devin\u0103 un \u201ecal troian\u201d pentru Beijing \u00een Europa. \u00cen acest cadru complex, at\u00e2t oportunit\u0103\u021bile, c\u00e2t \u0219i provoc\u0103rile necesit\u0103 o abordare atent\u0103 din partea tuturor actorilor implica\u021bi.<\/p>\n<p style=\"text-align: left;\"><a href=\"#_ftnref1\" name=\"_ftn1\"><\/a><a style=\"text-align: left; background-color: transparent;\" href=\"https:\/\/new.bjc.ro\/wp-content\/uploads\/2025\/01\/58-68_RamonaCampean.pdf\">\u00centreg articolul<\/a><\/p>\n","protected":false},"excerpt":{"rendered":"<p>Ramona C\u00e2mpean \u00cen ultimele decenii, rela\u021biile dintre China \u0219i Europa Central\u0103 \u0219i de Est au cunoscut o expansiune semnificativ\u0103, caracterizat\u0103 prin colabor\u0103ri economice, culturale \u0219i politice. \u021a\u0103rile din aceast\u0103 regiune au \u00eenceput s\u0103 caute noi parteneriate \u0219i oportunit\u0103\u021bi de dezvoltare, iar China, \u00een efortul s\u0103u de a-\u0219i extinde influen\u021ba, a&hellip; <br \/> <a class=\"read-more\" href=\"https:\/\/new.bjc.ro\/?p=10034\">Cite\u0219te mai mult<\/a><\/p>\n","protected":false},"author":3,"featured_media":0,"comment_status":"closed","ping_status":"open","sticky":false,"template":"","format":"standard","meta":{"_monsterinsights_skip_tracking":false,"_monsterinsights_sitenote_active":false,"_monsterinsights_sitenote_note":"","_monsterinsights_sitenote_category":0,"_EventAllDay":false,"_EventTimezone":"","_EventStartDate":"","_EventEndDate":"","_EventStartDateUTC":"","_EventEndDateUTC":"","_EventShowMap":false,"_EventShowMapLink":false,"_EventURL":"","_EventCost":"","_EventCostDescription":"","_EventCurrencySymbol":"","_EventCurrencyCode":"","_EventCurrencyPosition":"","_EventDateTimeSeparator":"","_EventTimeRangeSeparator":"","_EventOrganizerID":[],"_EventVenueID":[],"_OrganizerEmail":"","_OrganizerPhone":"","_OrganizerWebsite":"","_VenueAddress":"","_VenueCity":"","_VenueCountry":"","_VenueProvince":"","_VenueState":"","_VenueZip":"","_VenuePhone":"","_VenueURL":"","_VenueStateProvince":"","_VenueLat":"","_VenueLng":"","_VenueShowMap":false,"_VenueShowMapLink":false,"footnotes":""},"categories":[77],"tags":[],"class_list":["post-10034","post","type-post","status-publish","format-standard","hentry","category-biblioteconomie"],"gutentor_comment":0,"yoast_head":"<!-- This site is optimized with the Yoast SEO plugin v24.6 - https:\/\/yoast.com\/wordpress\/plugins\/seo\/ -->\n<title>Conexiuni interna\u021bionale: experien\u021ba bibliotecarilor rom\u00e2ni la Cel de-al Treilea Forum al Curatorilor Uniunii Bibliotecilor din China \u0219i statele central-est europene - Biblioteca Jude\u021bean\u0103 \u201eOctavian Goga\u201d Cluj<\/title>\n<meta name=\"robots\" content=\"index, follow, max-snippet:-1, max-image-preview:large, max-video-preview:-1\" \/>\n<link rel=\"canonical\" href=\"https:\/\/new.bjc.ro\/?p=10034\" \/>\n<meta property=\"og:locale\" content=\"ro_RO\" \/>\n<meta property=\"og:type\" content=\"article\" \/>\n<meta property=\"og:title\" content=\"Conexiuni interna\u021bionale: experien\u021ba bibliotecarilor rom\u00e2ni la Cel de-al Treilea Forum al Curatorilor Uniunii Bibliotecilor din China \u0219i statele central-est europene - Biblioteca Jude\u021bean\u0103 \u201eOctavian Goga\u201d Cluj\" \/>\n<meta property=\"og:description\" content=\"Ramona C\u00e2mpean \u00cen ultimele decenii, rela\u021biile dintre China \u0219i Europa Central\u0103 \u0219i de Est au cunoscut o expansiune semnificativ\u0103, caracterizat\u0103 prin colabor\u0103ri economice, culturale \u0219i politice. \u021a\u0103rile din aceast\u0103 regiune au \u00eenceput s\u0103 caute noi parteneriate \u0219i oportunit\u0103\u021bi de dezvoltare, iar China, \u00een efortul s\u0103u de a-\u0219i extinde influen\u021ba, a&hellip; Cite\u0219te mai mult\" \/>\n<meta property=\"og:url\" content=\"https:\/\/new.bjc.ro\/?p=10034\" \/>\n<meta property=\"og:site_name\" content=\"Biblioteca Jude\u021bean\u0103 \u201eOctavian Goga\u201d Cluj\" \/>\n<meta property=\"article:publisher\" content=\"https:\/\/www.facebook.com\/bibliotecacluj\/\" \/>\n<meta property=\"article:published_time\" content=\"2025-01-17T10:21:59+00:00\" \/>\n<meta property=\"article:modified_time\" content=\"2025-01-21T11:45:19+00:00\" \/>\n<meta property=\"og:image\" content=\"https:\/\/new.bjc.ro\/wp-content\/uploads\/2023\/01\/IMG_5597-1.jpg\" \/>\n\t<meta property=\"og:image:width\" content=\"2000\" \/>\n\t<meta property=\"og:image:height\" content=\"1333\" \/>\n\t<meta property=\"og:image:type\" content=\"image\/jpeg\" \/>\n<meta name=\"author\" content=\"Anca Docolin\" \/>\n<meta name=\"twitter:card\" content=\"summary_large_image\" \/>\n<meta name=\"twitter:creator\" content=\"@BibliotecaGoga\" \/>\n<meta name=\"twitter:site\" content=\"@BibliotecaGoga\" \/>\n<meta name=\"twitter:label1\" content=\"Scris de\" \/>\n\t<meta name=\"twitter:data1\" content=\"Anca Docolin\" \/>\n\t<meta name=\"twitter:label2\" content=\"Timp estimat pentru citire\" \/>\n\t<meta name=\"twitter:data2\" content=\"2 minute\" \/>\n<script type=\"application\/ld+json\" class=\"yoast-schema-graph\">{\"@context\":\"https:\/\/schema.org\",\"@graph\":[{\"@type\":\"Article\",\"@id\":\"https:\/\/new.bjc.ro\/?p=10034#article\",\"isPartOf\":{\"@id\":\"https:\/\/new.bjc.ro\/?p=10034\"},\"author\":{\"name\":\"Anca Docolin\",\"@id\":\"https:\/\/new.bjc.ro\/#\/schema\/person\/660b9e87eeb0d9945f8af75e9001ca7b\"},\"headline\":\"Conexiuni interna\u021bionale: experien\u021ba bibliotecarilor rom\u00e2ni la Cel de-al Treilea Forum al Curatorilor Uniunii Bibliotecilor din China \u0219i statele central-est europene\",\"datePublished\":\"2025-01-17T10:21:59+00:00\",\"dateModified\":\"2025-01-21T11:45:19+00:00\",\"mainEntityOfPage\":{\"@id\":\"https:\/\/new.bjc.ro\/?p=10034\"},\"wordCount\":239,\"publisher\":{\"@id\":\"https:\/\/new.bjc.ro\/#organization\"},\"articleSection\":[\"Biblioteconomie\"],\"inLanguage\":\"ro-RO\"},{\"@type\":\"WebPage\",\"@id\":\"https:\/\/new.bjc.ro\/?p=10034\",\"url\":\"https:\/\/new.bjc.ro\/?p=10034\",\"name\":\"Conexiuni interna\u021bionale: experien\u021ba bibliotecarilor rom\u00e2ni la Cel de-al Treilea Forum al Curatorilor Uniunii Bibliotecilor din China \u0219i statele central-est europene - Biblioteca Jude\u021bean\u0103 \u201eOctavian Goga\u201d Cluj\",\"isPartOf\":{\"@id\":\"https:\/\/new.bjc.ro\/#website\"},\"datePublished\":\"2025-01-17T10:21:59+00:00\",\"dateModified\":\"2025-01-21T11:45:19+00:00\",\"breadcrumb\":{\"@id\":\"https:\/\/new.bjc.ro\/?p=10034#breadcrumb\"},\"inLanguage\":\"ro-RO\",\"potentialAction\":[{\"@type\":\"ReadAction\",\"target\":[\"https:\/\/new.bjc.ro\/?p=10034\"]}]},{\"@type\":\"BreadcrumbList\",\"@id\":\"https:\/\/new.bjc.ro\/?p=10034#breadcrumb\",\"itemListElement\":[{\"@type\":\"ListItem\",\"position\":1,\"name\":\"Home\",\"item\":\"https:\/\/new.bjc.ro\/\"},{\"@type\":\"ListItem\",\"position\":2,\"name\":\"Conexiuni interna\u021bionale: experien\u021ba bibliotecarilor rom\u00e2ni la Cel de-al Treilea Forum al Curatorilor Uniunii Bibliotecilor din China \u0219i statele central-est europene\"}]},{\"@type\":\"WebSite\",\"@id\":\"https:\/\/new.bjc.ro\/#website\",\"url\":\"https:\/\/new.bjc.ro\/\",\"name\":\"Biblioteca Jude\u021bean\u0103 \u201eOctavian Goga\u201d Cluj\",\"description\":\"\",\"publisher\":{\"@id\":\"https:\/\/new.bjc.ro\/#organization\"},\"alternateName\":\"Biblioteca Jude\u021bean\u0103 Cluj\",\"potentialAction\":[{\"@type\":\"SearchAction\",\"target\":{\"@type\":\"EntryPoint\",\"urlTemplate\":\"https:\/\/new.bjc.ro\/?s={search_term_string}\"},\"query-input\":{\"@type\":\"PropertyValueSpecification\",\"valueRequired\":true,\"valueName\":\"search_term_string\"}}],\"inLanguage\":\"ro-RO\"},{\"@type\":\"Organization\",\"@id\":\"https:\/\/new.bjc.ro\/#organization\",\"name\":\"Biblioteca Jude\u021bean\u0103 \u201eOctavian Goga\u201d Cluj\",\"url\":\"https:\/\/new.bjc.ro\/\",\"logo\":{\"@type\":\"ImageObject\",\"inLanguage\":\"ro-RO\",\"@id\":\"https:\/\/new.bjc.ro\/#\/schema\/logo\/image\/\",\"url\":\"https:\/\/new.bjc.ro\/wp-content\/uploads\/2023\/03\/sigle.jpg\",\"contentUrl\":\"https:\/\/new.bjc.ro\/wp-content\/uploads\/2023\/03\/sigle.jpg\",\"width\":630,\"height\":473,\"caption\":\"Biblioteca Jude\u021bean\u0103 \u201eOctavian Goga\u201d Cluj\"},\"image\":{\"@id\":\"https:\/\/new.bjc.ro\/#\/schema\/logo\/image\/\"},\"sameAs\":[\"https:\/\/www.facebook.com\/bibliotecacluj\/\",\"https:\/\/x.com\/BibliotecaGoga\",\"https:\/\/www.instagram.com\/biblioteca_judeteana_cluj\/\",\"https:\/\/www.youtube.com\/user\/BibliotecaGoga\"]},{\"@type\":\"Person\",\"@id\":\"https:\/\/new.bjc.ro\/#\/schema\/person\/660b9e87eeb0d9945f8af75e9001ca7b\",\"name\":\"Anca Docolin\",\"image\":{\"@type\":\"ImageObject\",\"inLanguage\":\"ro-RO\",\"@id\":\"https:\/\/new.bjc.ro\/#\/schema\/person\/image\/\",\"url\":\"https:\/\/secure.gravatar.com\/avatar\/48c0ed2d407bc0295cd1c5e4624bff9d?s=96&d=mm&r=g\",\"contentUrl\":\"https:\/\/secure.gravatar.com\/avatar\/48c0ed2d407bc0295cd1c5e4624bff9d?s=96&d=mm&r=g\",\"caption\":\"Anca Docolin\"},\"url\":\"https:\/\/new.bjc.ro\/?author=3\"}]}<\/script>\n<!-- \/ Yoast SEO plugin. -->","yoast_head_json":{"title":"Conexiuni interna\u021bionale: experien\u021ba bibliotecarilor rom\u00e2ni la Cel de-al Treilea Forum al Curatorilor Uniunii Bibliotecilor din China \u0219i statele central-est europene - Biblioteca Jude\u021bean\u0103 \u201eOctavian Goga\u201d Cluj","robots":{"index":"index","follow":"follow","max-snippet":"max-snippet:-1","max-image-preview":"max-image-preview:large","max-video-preview":"max-video-preview:-1"},"canonical":"https:\/\/new.bjc.ro\/?p=10034","og_locale":"ro_RO","og_type":"article","og_title":"Conexiuni interna\u021bionale: experien\u021ba bibliotecarilor rom\u00e2ni la Cel de-al Treilea Forum al Curatorilor Uniunii Bibliotecilor din China \u0219i statele central-est europene - Biblioteca Jude\u021bean\u0103 \u201eOctavian Goga\u201d Cluj","og_description":"Ramona C\u00e2mpean \u00cen ultimele decenii, rela\u021biile dintre China \u0219i Europa Central\u0103 \u0219i de Est au cunoscut o expansiune semnificativ\u0103, caracterizat\u0103 prin colabor\u0103ri economice, culturale \u0219i politice. \u021a\u0103rile din aceast\u0103 regiune au \u00eenceput s\u0103 caute noi parteneriate \u0219i oportunit\u0103\u021bi de dezvoltare, iar China, \u00een efortul s\u0103u de a-\u0219i extinde influen\u021ba, a&hellip; Cite\u0219te mai mult","og_url":"https:\/\/new.bjc.ro\/?p=10034","og_site_name":"Biblioteca Jude\u021bean\u0103 \u201eOctavian Goga\u201d Cluj","article_publisher":"https:\/\/www.facebook.com\/bibliotecacluj\/","article_published_time":"2025-01-17T10:21:59+00:00","article_modified_time":"2025-01-21T11:45:19+00:00","og_image":[{"width":2000,"height":1333,"url":"https:\/\/new.bjc.ro\/wp-content\/uploads\/2023\/01\/IMG_5597-1.jpg","type":"image\/jpeg"}],"author":"Anca Docolin","twitter_card":"summary_large_image","twitter_creator":"@BibliotecaGoga","twitter_site":"@BibliotecaGoga","twitter_misc":{"Scris de":"Anca Docolin","Timp estimat pentru citire":"2 minute"},"schema":{"@context":"https:\/\/schema.org","@graph":[{"@type":"Article","@id":"https:\/\/new.bjc.ro\/?p=10034#article","isPartOf":{"@id":"https:\/\/new.bjc.ro\/?p=10034"},"author":{"name":"Anca Docolin","@id":"https:\/\/new.bjc.ro\/#\/schema\/person\/660b9e87eeb0d9945f8af75e9001ca7b"},"headline":"Conexiuni interna\u021bionale: experien\u021ba bibliotecarilor rom\u00e2ni la Cel de-al Treilea Forum al Curatorilor Uniunii Bibliotecilor din China \u0219i statele central-est europene","datePublished":"2025-01-17T10:21:59+00:00","dateModified":"2025-01-21T11:45:19+00:00","mainEntityOfPage":{"@id":"https:\/\/new.bjc.ro\/?p=10034"},"wordCount":239,"publisher":{"@id":"https:\/\/new.bjc.ro\/#organization"},"articleSection":["Biblioteconomie"],"inLanguage":"ro-RO"},{"@type":"WebPage","@id":"https:\/\/new.bjc.ro\/?p=10034","url":"https:\/\/new.bjc.ro\/?p=10034","name":"Conexiuni interna\u021bionale: experien\u021ba bibliotecarilor rom\u00e2ni la Cel de-al Treilea Forum al Curatorilor Uniunii Bibliotecilor din China \u0219i statele central-est europene - Biblioteca Jude\u021bean\u0103 \u201eOctavian Goga\u201d Cluj","isPartOf":{"@id":"https:\/\/new.bjc.ro\/#website"},"datePublished":"2025-01-17T10:21:59+00:00","dateModified":"2025-01-21T11:45:19+00:00","breadcrumb":{"@id":"https:\/\/new.bjc.ro\/?p=10034#breadcrumb"},"inLanguage":"ro-RO","potentialAction":[{"@type":"ReadAction","target":["https:\/\/new.bjc.ro\/?p=10034"]}]},{"@type":"BreadcrumbList","@id":"https:\/\/new.bjc.ro\/?p=10034#breadcrumb","itemListElement":[{"@type":"ListItem","position":1,"name":"Home","item":"https:\/\/new.bjc.ro\/"},{"@type":"ListItem","position":2,"name":"Conexiuni interna\u021bionale: experien\u021ba bibliotecarilor rom\u00e2ni la Cel de-al Treilea Forum al Curatorilor Uniunii Bibliotecilor din China \u0219i statele central-est europene"}]},{"@type":"WebSite","@id":"https:\/\/new.bjc.ro\/#website","url":"https:\/\/new.bjc.ro\/","name":"Biblioteca Jude\u021bean\u0103 \u201eOctavian Goga\u201d Cluj","description":"","publisher":{"@id":"https:\/\/new.bjc.ro\/#organization"},"alternateName":"Biblioteca Jude\u021bean\u0103 Cluj","potentialAction":[{"@type":"SearchAction","target":{"@type":"EntryPoint","urlTemplate":"https:\/\/new.bjc.ro\/?s={search_term_string}"},"query-input":{"@type":"PropertyValueSpecification","valueRequired":true,"valueName":"search_term_string"}}],"inLanguage":"ro-RO"},{"@type":"Organization","@id":"https:\/\/new.bjc.ro\/#organization","name":"Biblioteca Jude\u021bean\u0103 \u201eOctavian Goga\u201d Cluj","url":"https:\/\/new.bjc.ro\/","logo":{"@type":"ImageObject","inLanguage":"ro-RO","@id":"https:\/\/new.bjc.ro\/#\/schema\/logo\/image\/","url":"https:\/\/new.bjc.ro\/wp-content\/uploads\/2023\/03\/sigle.jpg","contentUrl":"https:\/\/new.bjc.ro\/wp-content\/uploads\/2023\/03\/sigle.jpg","width":630,"height":473,"caption":"Biblioteca Jude\u021bean\u0103 \u201eOctavian Goga\u201d Cluj"},"image":{"@id":"https:\/\/new.bjc.ro\/#\/schema\/logo\/image\/"},"sameAs":["https:\/\/www.facebook.com\/bibliotecacluj\/","https:\/\/x.com\/BibliotecaGoga","https:\/\/www.instagram.com\/biblioteca_judeteana_cluj\/","https:\/\/www.youtube.com\/user\/BibliotecaGoga"]},{"@type":"Person","@id":"https:\/\/new.bjc.ro\/#\/schema\/person\/660b9e87eeb0d9945f8af75e9001ca7b","name":"Anca Docolin","image":{"@type":"ImageObject","inLanguage":"ro-RO","@id":"https:\/\/new.bjc.ro\/#\/schema\/person\/image\/","url":"https:\/\/secure.gravatar.com\/avatar\/48c0ed2d407bc0295cd1c5e4624bff9d?s=96&d=mm&r=g","contentUrl":"https:\/\/secure.gravatar.com\/avatar\/48c0ed2d407bc0295cd1c5e4624bff9d?s=96&d=mm&r=g","caption":"Anca Docolin"},"url":"https:\/\/new.bjc.ro\/?author=3"}]}},"_links":{"self":[{"href":"https:\/\/new.bjc.ro\/index.php?rest_route=\/wp\/v2\/posts\/10034","targetHints":{"allow":["GET"]}}],"collection":[{"href":"https:\/\/new.bjc.ro\/index.php?rest_route=\/wp\/v2\/posts"}],"about":[{"href":"https:\/\/new.bjc.ro\/index.php?rest_route=\/wp\/v2\/types\/post"}],"author":[{"embeddable":true,"href":"https:\/\/new.bjc.ro\/index.php?rest_route=\/wp\/v2\/users\/3"}],"replies":[{"embeddable":true,"href":"https:\/\/new.bjc.ro\/index.php?rest_route=%2Fwp%2Fv2%2Fcomments&post=10034"}],"version-history":[{"count":5,"href":"https:\/\/new.bjc.ro\/index.php?rest_route=\/wp\/v2\/posts\/10034\/revisions"}],"predecessor-version":[{"id":10174,"href":"https:\/\/new.bjc.ro\/index.php?rest_route=\/wp\/v2\/posts\/10034\/revisions\/10174"}],"wp:attachment":[{"href":"https:\/\/new.bjc.ro\/index.php?rest_route=%2Fwp%2Fv2%2Fmedia&parent=10034"}],"wp:term":[{"taxonomy":"category","embeddable":true,"href":"https:\/\/new.bjc.ro\/index.php?rest_route=%2Fwp%2Fv2%2Fcategories&post=10034"},{"taxonomy":"post_tag","embeddable":true,"href":"https:\/\/new.bjc.ro\/index.php?rest_route=%2Fwp%2Fv2%2Ftags&post=10034"}],"curies":[{"name":"wp","href":"https:\/\/api.w.org\/{rel}","templated":true}]}}