{"id":10044,"date":"2025-01-17T12:40:26","date_gmt":"2025-01-17T10:40:26","guid":{"rendered":"https:\/\/new.bjc.ro\/?p=10044"},"modified":"2025-01-21T13:54:05","modified_gmt":"2025-01-21T11:54:05","slug":"promovarea-fondurilor-personale-in-biblioteca-publica-din-cluj-napoca-studiu-de-caz-proiectul-cultural-emil-isac-muzeul-din-biblioteca","status":"publish","type":"post","link":"https:\/\/new.bjc.ro\/?p=10044","title":{"rendered":"Promovarea fondurilor personale \u00een biblioteca public\u0103 din Cluj-Napoca. Studiu de caz: proiectul cultural \u201eEmil Isac \u2013 muzeul din bibliotec\u0103\u201d"},"content":{"rendered":"<p style=\"text-align: left;\"><strong>Ioana-Terezia Pop<\/strong><\/p>\n<p style=\"text-align: left;\">Cultura material\u0103, precum afirm\u0103 profesorul David Morgan reprezint\u0103 \u201eobiecte, dar include \u0219i sentimentele, valorile, temerile \u0219i obsesiile care informeaz\u0103 cum sunt \u00een\u021belese \u0219i folosite lucrurile\u201d. Totodat\u0103, \u201eca domeniu de cercetare, cultura material\u0103 presupune c\u0103 sensul nu se afl\u0103 \u00een lucruri, ci este activat de acestea\u201d. Biblioteca Jude\u021bean\u0103 \u201eOctavian Goga\u201d Cluj de\u021bine un bogat fond enciclopedic de documente, format \u00een mare parte din c\u0103r\u021bi, un element din cultura material\u0103 universal\u0103. Acestea, pe l\u00e2ng\u0103 numeroasele beneficii recunoscute lecturii, contribuie \u0219i la promovarea valorilor \u0219i a comunit\u0103\u021bii locale. \u00cen cadrul Compartimentului Colec\u021bii speciale, memorie \u0219i cunoa\u0219tere local\u0103, se poate observa cu prec\u0103dere grija fa\u021b\u0103 de bunurile donate de c\u0103tre oameni de cultur\u0103, care au avut \u0219i au un aport la dezvoltarea urbei de pe Some\u0219. Ne referim aici la cele 20 de fonduri personale gestionate de compartiment, care sunt compuse din c\u0103r\u021bi, \u0219ase dintre acestea con\u021bin\u00e2nd documente de arhiv\u0103, iar trei \u0219i obiecte personale. Dintre acestea, se remarc\u0103, prin complexitatea tipurilor de obiecte care \u00eel compun, Fondul Emil Isac. Atipic pentru biblioteci publice, acesta, a intrat \u00een gestiunea institu\u021biei de cultur\u0103 clujene \u00een anul 2001 \u0219i reune\u0219te \u00eentr-un spa\u021biu restr\u00e2ns, cu alur\u0103 de muzeu, c\u0103r\u021bi, periodice, dar \u0219i piese de mobilier, de decor, obiecte personale sau de art\u0103 plastic\u0103. Fondul este remarcabil cu at\u00e2t mai mult cu c\u00e2t faciliteaz\u0103 o mai bun\u0103 cunoa\u0219tere a societ\u0103\u021bii clujene din a doua jum\u0103tate a secolului al XIX-lea \u0219i prima jum\u0103tate a secolului al XX-lea.<\/p>\n<p style=\"text-align: left;\"><a href=\"https:\/\/new.bjc.ro\/wp-content\/uploads\/2025\/01\/78-87_IoanaTereziaPop.pdf\">\u00centreg articolul<\/a><\/p>\n","protected":false},"excerpt":{"rendered":"<p>Ioana-Terezia Pop Cultura material\u0103, precum afirm\u0103 profesorul David Morgan reprezint\u0103 \u201eobiecte, dar include \u0219i sentimentele, valorile, temerile \u0219i obsesiile care informeaz\u0103 cum sunt \u00een\u021belese \u0219i folosite lucrurile\u201d. Totodat\u0103, \u201eca domeniu de cercetare, cultura material\u0103 presupune c\u0103 sensul nu se afl\u0103 \u00een lucruri, ci este activat de acestea\u201d. Biblioteca Jude\u021bean\u0103 \u201eOctavian&hellip; <br \/> <a class=\"read-more\" href=\"https:\/\/new.bjc.ro\/?p=10044\">Cite\u0219te mai mult<\/a><\/p>\n","protected":false},"author":3,"featured_media":0,"comment_status":"closed","ping_status":"open","sticky":false,"template":"","format":"standard","meta":{"_monsterinsights_skip_tracking":false,"_monsterinsights_sitenote_active":false,"_monsterinsights_sitenote_note":"","_monsterinsights_sitenote_category":0,"_EventAllDay":false,"_EventTimezone":"","_EventStartDate":"","_EventEndDate":"","_EventStartDateUTC":"","_EventEndDateUTC":"","_EventShowMap":false,"_EventShowMapLink":false,"_EventURL":"","_EventCost":"","_EventCostDescription":"","_EventCurrencySymbol":"","_EventCurrencyCode":"","_EventCurrencyPosition":"","_EventDateTimeSeparator":"","_EventTimeRangeSeparator":"","_EventOrganizerID":[],"_EventVenueID":[],"_OrganizerEmail":"","_OrganizerPhone":"","_OrganizerWebsite":"","_VenueAddress":"","_VenueCity":"","_VenueCountry":"","_VenueProvince":"","_VenueState":"","_VenueZip":"","_VenuePhone":"","_VenueURL":"","_VenueStateProvince":"","_VenueLat":"","_VenueLng":"","_VenueShowMap":false,"_VenueShowMapLink":false,"footnotes":""},"categories":[77],"tags":[],"class_list":["post-10044","post","type-post","status-publish","format-standard","hentry","category-biblioteconomie"],"gutentor_comment":0,"yoast_head":"<!-- This site is optimized with the Yoast SEO plugin v24.6 - https:\/\/yoast.com\/wordpress\/plugins\/seo\/ -->\n<title>Promovarea fondurilor personale \u00een biblioteca public\u0103 din Cluj-Napoca. Studiu de caz: proiectul cultural \u201eEmil Isac \u2013 muzeul din bibliotec\u0103\u201d - Biblioteca Jude\u021bean\u0103 \u201eOctavian Goga\u201d Cluj<\/title>\n<meta name=\"robots\" content=\"index, follow, max-snippet:-1, max-image-preview:large, max-video-preview:-1\" \/>\n<link rel=\"canonical\" href=\"https:\/\/new.bjc.ro\/?p=10044\" \/>\n<meta property=\"og:locale\" content=\"ro_RO\" \/>\n<meta property=\"og:type\" content=\"article\" \/>\n<meta property=\"og:title\" content=\"Promovarea fondurilor personale \u00een biblioteca public\u0103 din Cluj-Napoca. Studiu de caz: proiectul cultural \u201eEmil Isac \u2013 muzeul din bibliotec\u0103\u201d - Biblioteca Jude\u021bean\u0103 \u201eOctavian Goga\u201d Cluj\" \/>\n<meta property=\"og:description\" content=\"Ioana-Terezia Pop Cultura material\u0103, precum afirm\u0103 profesorul David Morgan reprezint\u0103 \u201eobiecte, dar include \u0219i sentimentele, valorile, temerile \u0219i obsesiile care informeaz\u0103 cum sunt \u00een\u021belese \u0219i folosite lucrurile\u201d. Totodat\u0103, \u201eca domeniu de cercetare, cultura material\u0103 presupune c\u0103 sensul nu se afl\u0103 \u00een lucruri, ci este activat de acestea\u201d. Biblioteca Jude\u021bean\u0103 \u201eOctavian&hellip; Cite\u0219te mai mult\" \/>\n<meta property=\"og:url\" content=\"https:\/\/new.bjc.ro\/?p=10044\" \/>\n<meta property=\"og:site_name\" content=\"Biblioteca Jude\u021bean\u0103 \u201eOctavian Goga\u201d Cluj\" \/>\n<meta property=\"article:publisher\" content=\"https:\/\/www.facebook.com\/bibliotecacluj\/\" \/>\n<meta property=\"article:published_time\" content=\"2025-01-17T10:40:26+00:00\" \/>\n<meta property=\"article:modified_time\" content=\"2025-01-21T11:54:05+00:00\" \/>\n<meta property=\"og:image\" content=\"https:\/\/new.bjc.ro\/wp-content\/uploads\/2023\/01\/IMG_5597-1.jpg\" \/>\n\t<meta property=\"og:image:width\" content=\"2000\" \/>\n\t<meta property=\"og:image:height\" content=\"1333\" \/>\n\t<meta property=\"og:image:type\" content=\"image\/jpeg\" \/>\n<meta name=\"author\" content=\"Anca Docolin\" \/>\n<meta name=\"twitter:card\" content=\"summary_large_image\" \/>\n<meta name=\"twitter:creator\" content=\"@BibliotecaGoga\" \/>\n<meta name=\"twitter:site\" content=\"@BibliotecaGoga\" \/>\n<meta name=\"twitter:label1\" content=\"Scris de\" \/>\n\t<meta name=\"twitter:data1\" content=\"Anca Docolin\" \/>\n\t<meta name=\"twitter:label2\" content=\"Timp estimat pentru citire\" \/>\n\t<meta name=\"twitter:data2\" content=\"2 minute\" \/>\n<script type=\"application\/ld+json\" class=\"yoast-schema-graph\">{\"@context\":\"https:\/\/schema.org\",\"@graph\":[{\"@type\":\"Article\",\"@id\":\"https:\/\/new.bjc.ro\/?p=10044#article\",\"isPartOf\":{\"@id\":\"https:\/\/new.bjc.ro\/?p=10044\"},\"author\":{\"name\":\"Anca Docolin\",\"@id\":\"https:\/\/new.bjc.ro\/#\/schema\/person\/660b9e87eeb0d9945f8af75e9001ca7b\"},\"headline\":\"Promovarea fondurilor personale \u00een biblioteca public\u0103 din Cluj-Napoca. Studiu de caz: proiectul cultural \u201eEmil Isac \u2013 muzeul din bibliotec\u0103\u201d\",\"datePublished\":\"2025-01-17T10:40:26+00:00\",\"dateModified\":\"2025-01-21T11:54:05+00:00\",\"mainEntityOfPage\":{\"@id\":\"https:\/\/new.bjc.ro\/?p=10044\"},\"wordCount\":285,\"publisher\":{\"@id\":\"https:\/\/new.bjc.ro\/#organization\"},\"articleSection\":[\"Biblioteconomie\"],\"inLanguage\":\"ro-RO\"},{\"@type\":\"WebPage\",\"@id\":\"https:\/\/new.bjc.ro\/?p=10044\",\"url\":\"https:\/\/new.bjc.ro\/?p=10044\",\"name\":\"Promovarea fondurilor personale \u00een biblioteca public\u0103 din Cluj-Napoca. Studiu de caz: proiectul cultural \u201eEmil Isac \u2013 muzeul din bibliotec\u0103\u201d - Biblioteca Jude\u021bean\u0103 \u201eOctavian Goga\u201d Cluj\",\"isPartOf\":{\"@id\":\"https:\/\/new.bjc.ro\/#website\"},\"datePublished\":\"2025-01-17T10:40:26+00:00\",\"dateModified\":\"2025-01-21T11:54:05+00:00\",\"breadcrumb\":{\"@id\":\"https:\/\/new.bjc.ro\/?p=10044#breadcrumb\"},\"inLanguage\":\"ro-RO\",\"potentialAction\":[{\"@type\":\"ReadAction\",\"target\":[\"https:\/\/new.bjc.ro\/?p=10044\"]}]},{\"@type\":\"BreadcrumbList\",\"@id\":\"https:\/\/new.bjc.ro\/?p=10044#breadcrumb\",\"itemListElement\":[{\"@type\":\"ListItem\",\"position\":1,\"name\":\"Home\",\"item\":\"https:\/\/new.bjc.ro\/\"},{\"@type\":\"ListItem\",\"position\":2,\"name\":\"Promovarea fondurilor personale \u00een biblioteca public\u0103 din Cluj-Napoca. Studiu de caz: proiectul cultural \u201eEmil Isac \u2013 muzeul din bibliotec\u0103\u201d\"}]},{\"@type\":\"WebSite\",\"@id\":\"https:\/\/new.bjc.ro\/#website\",\"url\":\"https:\/\/new.bjc.ro\/\",\"name\":\"Biblioteca Jude\u021bean\u0103 \u201eOctavian Goga\u201d Cluj\",\"description\":\"\",\"publisher\":{\"@id\":\"https:\/\/new.bjc.ro\/#organization\"},\"alternateName\":\"Biblioteca Jude\u021bean\u0103 Cluj\",\"potentialAction\":[{\"@type\":\"SearchAction\",\"target\":{\"@type\":\"EntryPoint\",\"urlTemplate\":\"https:\/\/new.bjc.ro\/?s={search_term_string}\"},\"query-input\":{\"@type\":\"PropertyValueSpecification\",\"valueRequired\":true,\"valueName\":\"search_term_string\"}}],\"inLanguage\":\"ro-RO\"},{\"@type\":\"Organization\",\"@id\":\"https:\/\/new.bjc.ro\/#organization\",\"name\":\"Biblioteca Jude\u021bean\u0103 \u201eOctavian Goga\u201d Cluj\",\"url\":\"https:\/\/new.bjc.ro\/\",\"logo\":{\"@type\":\"ImageObject\",\"inLanguage\":\"ro-RO\",\"@id\":\"https:\/\/new.bjc.ro\/#\/schema\/logo\/image\/\",\"url\":\"https:\/\/new.bjc.ro\/wp-content\/uploads\/2023\/03\/sigle.jpg\",\"contentUrl\":\"https:\/\/new.bjc.ro\/wp-content\/uploads\/2023\/03\/sigle.jpg\",\"width\":630,\"height\":473,\"caption\":\"Biblioteca Jude\u021bean\u0103 \u201eOctavian Goga\u201d Cluj\"},\"image\":{\"@id\":\"https:\/\/new.bjc.ro\/#\/schema\/logo\/image\/\"},\"sameAs\":[\"https:\/\/www.facebook.com\/bibliotecacluj\/\",\"https:\/\/x.com\/BibliotecaGoga\",\"https:\/\/www.instagram.com\/biblioteca_judeteana_cluj\/\",\"https:\/\/www.youtube.com\/user\/BibliotecaGoga\"]},{\"@type\":\"Person\",\"@id\":\"https:\/\/new.bjc.ro\/#\/schema\/person\/660b9e87eeb0d9945f8af75e9001ca7b\",\"name\":\"Anca Docolin\",\"image\":{\"@type\":\"ImageObject\",\"inLanguage\":\"ro-RO\",\"@id\":\"https:\/\/new.bjc.ro\/#\/schema\/person\/image\/\",\"url\":\"https:\/\/secure.gravatar.com\/avatar\/342e09fc7bc252bad066d9f96304145d672ba2931d5b7a6f54d7da8d62fb7be1?s=96&d=mm&r=g\",\"contentUrl\":\"https:\/\/secure.gravatar.com\/avatar\/342e09fc7bc252bad066d9f96304145d672ba2931d5b7a6f54d7da8d62fb7be1?s=96&d=mm&r=g\",\"caption\":\"Anca Docolin\"},\"url\":\"https:\/\/new.bjc.ro\/?author=3\"}]}<\/script>\n<!-- \/ Yoast SEO plugin. -->","yoast_head_json":{"title":"Promovarea fondurilor personale \u00een biblioteca public\u0103 din Cluj-Napoca. Studiu de caz: proiectul cultural \u201eEmil Isac \u2013 muzeul din bibliotec\u0103\u201d - Biblioteca Jude\u021bean\u0103 \u201eOctavian Goga\u201d Cluj","robots":{"index":"index","follow":"follow","max-snippet":"max-snippet:-1","max-image-preview":"max-image-preview:large","max-video-preview":"max-video-preview:-1"},"canonical":"https:\/\/new.bjc.ro\/?p=10044","og_locale":"ro_RO","og_type":"article","og_title":"Promovarea fondurilor personale \u00een biblioteca public\u0103 din Cluj-Napoca. Studiu de caz: proiectul cultural \u201eEmil Isac \u2013 muzeul din bibliotec\u0103\u201d - Biblioteca Jude\u021bean\u0103 \u201eOctavian Goga\u201d Cluj","og_description":"Ioana-Terezia Pop Cultura material\u0103, precum afirm\u0103 profesorul David Morgan reprezint\u0103 \u201eobiecte, dar include \u0219i sentimentele, valorile, temerile \u0219i obsesiile care informeaz\u0103 cum sunt \u00een\u021belese \u0219i folosite lucrurile\u201d. Totodat\u0103, \u201eca domeniu de cercetare, cultura material\u0103 presupune c\u0103 sensul nu se afl\u0103 \u00een lucruri, ci este activat de acestea\u201d. Biblioteca Jude\u021bean\u0103 \u201eOctavian&hellip; Cite\u0219te mai mult","og_url":"https:\/\/new.bjc.ro\/?p=10044","og_site_name":"Biblioteca Jude\u021bean\u0103 \u201eOctavian Goga\u201d Cluj","article_publisher":"https:\/\/www.facebook.com\/bibliotecacluj\/","article_published_time":"2025-01-17T10:40:26+00:00","article_modified_time":"2025-01-21T11:54:05+00:00","og_image":[{"width":2000,"height":1333,"url":"https:\/\/new.bjc.ro\/wp-content\/uploads\/2023\/01\/IMG_5597-1.jpg","type":"image\/jpeg"}],"author":"Anca Docolin","twitter_card":"summary_large_image","twitter_creator":"@BibliotecaGoga","twitter_site":"@BibliotecaGoga","twitter_misc":{"Scris de":"Anca Docolin","Timp estimat pentru citire":"2 minute"},"schema":{"@context":"https:\/\/schema.org","@graph":[{"@type":"Article","@id":"https:\/\/new.bjc.ro\/?p=10044#article","isPartOf":{"@id":"https:\/\/new.bjc.ro\/?p=10044"},"author":{"name":"Anca Docolin","@id":"https:\/\/new.bjc.ro\/#\/schema\/person\/660b9e87eeb0d9945f8af75e9001ca7b"},"headline":"Promovarea fondurilor personale \u00een biblioteca public\u0103 din Cluj-Napoca. Studiu de caz: proiectul cultural \u201eEmil Isac \u2013 muzeul din bibliotec\u0103\u201d","datePublished":"2025-01-17T10:40:26+00:00","dateModified":"2025-01-21T11:54:05+00:00","mainEntityOfPage":{"@id":"https:\/\/new.bjc.ro\/?p=10044"},"wordCount":285,"publisher":{"@id":"https:\/\/new.bjc.ro\/#organization"},"articleSection":["Biblioteconomie"],"inLanguage":"ro-RO"},{"@type":"WebPage","@id":"https:\/\/new.bjc.ro\/?p=10044","url":"https:\/\/new.bjc.ro\/?p=10044","name":"Promovarea fondurilor personale \u00een biblioteca public\u0103 din Cluj-Napoca. Studiu de caz: proiectul cultural \u201eEmil Isac \u2013 muzeul din bibliotec\u0103\u201d - Biblioteca Jude\u021bean\u0103 \u201eOctavian Goga\u201d Cluj","isPartOf":{"@id":"https:\/\/new.bjc.ro\/#website"},"datePublished":"2025-01-17T10:40:26+00:00","dateModified":"2025-01-21T11:54:05+00:00","breadcrumb":{"@id":"https:\/\/new.bjc.ro\/?p=10044#breadcrumb"},"inLanguage":"ro-RO","potentialAction":[{"@type":"ReadAction","target":["https:\/\/new.bjc.ro\/?p=10044"]}]},{"@type":"BreadcrumbList","@id":"https:\/\/new.bjc.ro\/?p=10044#breadcrumb","itemListElement":[{"@type":"ListItem","position":1,"name":"Home","item":"https:\/\/new.bjc.ro\/"},{"@type":"ListItem","position":2,"name":"Promovarea fondurilor personale \u00een biblioteca public\u0103 din Cluj-Napoca. Studiu de caz: proiectul cultural \u201eEmil Isac \u2013 muzeul din bibliotec\u0103\u201d"}]},{"@type":"WebSite","@id":"https:\/\/new.bjc.ro\/#website","url":"https:\/\/new.bjc.ro\/","name":"Biblioteca Jude\u021bean\u0103 \u201eOctavian Goga\u201d Cluj","description":"","publisher":{"@id":"https:\/\/new.bjc.ro\/#organization"},"alternateName":"Biblioteca Jude\u021bean\u0103 Cluj","potentialAction":[{"@type":"SearchAction","target":{"@type":"EntryPoint","urlTemplate":"https:\/\/new.bjc.ro\/?s={search_term_string}"},"query-input":{"@type":"PropertyValueSpecification","valueRequired":true,"valueName":"search_term_string"}}],"inLanguage":"ro-RO"},{"@type":"Organization","@id":"https:\/\/new.bjc.ro\/#organization","name":"Biblioteca Jude\u021bean\u0103 \u201eOctavian Goga\u201d Cluj","url":"https:\/\/new.bjc.ro\/","logo":{"@type":"ImageObject","inLanguage":"ro-RO","@id":"https:\/\/new.bjc.ro\/#\/schema\/logo\/image\/","url":"https:\/\/new.bjc.ro\/wp-content\/uploads\/2023\/03\/sigle.jpg","contentUrl":"https:\/\/new.bjc.ro\/wp-content\/uploads\/2023\/03\/sigle.jpg","width":630,"height":473,"caption":"Biblioteca Jude\u021bean\u0103 \u201eOctavian Goga\u201d Cluj"},"image":{"@id":"https:\/\/new.bjc.ro\/#\/schema\/logo\/image\/"},"sameAs":["https:\/\/www.facebook.com\/bibliotecacluj\/","https:\/\/x.com\/BibliotecaGoga","https:\/\/www.instagram.com\/biblioteca_judeteana_cluj\/","https:\/\/www.youtube.com\/user\/BibliotecaGoga"]},{"@type":"Person","@id":"https:\/\/new.bjc.ro\/#\/schema\/person\/660b9e87eeb0d9945f8af75e9001ca7b","name":"Anca Docolin","image":{"@type":"ImageObject","inLanguage":"ro-RO","@id":"https:\/\/new.bjc.ro\/#\/schema\/person\/image\/","url":"https:\/\/secure.gravatar.com\/avatar\/342e09fc7bc252bad066d9f96304145d672ba2931d5b7a6f54d7da8d62fb7be1?s=96&d=mm&r=g","contentUrl":"https:\/\/secure.gravatar.com\/avatar\/342e09fc7bc252bad066d9f96304145d672ba2931d5b7a6f54d7da8d62fb7be1?s=96&d=mm&r=g","caption":"Anca Docolin"},"url":"https:\/\/new.bjc.ro\/?author=3"}]}},"_links":{"self":[{"href":"https:\/\/new.bjc.ro\/index.php?rest_route=\/wp\/v2\/posts\/10044","targetHints":{"allow":["GET"]}}],"collection":[{"href":"https:\/\/new.bjc.ro\/index.php?rest_route=\/wp\/v2\/posts"}],"about":[{"href":"https:\/\/new.bjc.ro\/index.php?rest_route=\/wp\/v2\/types\/post"}],"author":[{"embeddable":true,"href":"https:\/\/new.bjc.ro\/index.php?rest_route=\/wp\/v2\/users\/3"}],"replies":[{"embeddable":true,"href":"https:\/\/new.bjc.ro\/index.php?rest_route=%2Fwp%2Fv2%2Fcomments&post=10044"}],"version-history":[{"count":5,"href":"https:\/\/new.bjc.ro\/index.php?rest_route=\/wp\/v2\/posts\/10044\/revisions"}],"predecessor-version":[{"id":10179,"href":"https:\/\/new.bjc.ro\/index.php?rest_route=\/wp\/v2\/posts\/10044\/revisions\/10179"}],"wp:attachment":[{"href":"https:\/\/new.bjc.ro\/index.php?rest_route=%2Fwp%2Fv2%2Fmedia&parent=10044"}],"wp:term":[{"taxonomy":"category","embeddable":true,"href":"https:\/\/new.bjc.ro\/index.php?rest_route=%2Fwp%2Fv2%2Fcategories&post=10044"},{"taxonomy":"post_tag","embeddable":true,"href":"https:\/\/new.bjc.ro\/index.php?rest_route=%2Fwp%2Fv2%2Ftags&post=10044"}],"curies":[{"name":"wp","href":"https:\/\/api.w.org\/{rel}","templated":true}]}}