{"id":10050,"date":"2025-01-17T13:06:18","date_gmt":"2025-01-17T11:06:18","guid":{"rendered":"https:\/\/new.bjc.ro\/?p=10050"},"modified":"2025-01-21T13:57:39","modified_gmt":"2025-01-21T11:57:39","slug":"biblioteca-institutului-de-medicina-si-farmacie-din-cluj-la-sfarsit-de-comunism-si-inceput-de-democratie","status":"publish","type":"post","link":"https:\/\/new.bjc.ro\/?p=10050","title":{"rendered":"Biblioteca Institutului de Medicin\u0103 \u0219i Farmacie din Cluj la sf\u00e2r\u0219it de comunism \u0219i \u00eenceput de democra\u021bie"},"content":{"rendered":"<p style=\"text-align: left;\"><strong>Victoria Grozav-Biri\u0219<\/strong><\/p>\n<p style=\"text-align: left;\">Biblioteca Institutului de Medicin\u0103 \u0219i Farmacie din Cluj (\u00een continuare Biblioteca I.M.F. Cluj) a fost o bibliotec\u0103 universitar\u0103 de specialitate, care s-a adresat \u00een special cadrelor didactice ale Institutului, studen\u021bilor medicini\u0219ti, medicilor \u0219i mai pu\u021bin altor tipuri de cititori. Fiecare regim politic din Rom\u00e2nia \u0219i-a pus amprenta asupra vie\u021bii politice, economice \u0219i sociale, dar \u0219i asupra \u00eenv\u0103\u021b\u0103m\u00e2ntului universitar. Dirijarea \u0219i controlul Partidului Comunist Rom\u00e2n asupra \u00eenv\u0103\u021b\u0103m\u00e2ntului universitar a \u00eenceput odat\u0103 cu epoca Gheorghe Gheorghiu-Dej \u0219i a continuat \u00een epoca Nicolae Ceau\u0219escu, reflect\u00e2ndu-se \u0219i \u00een achizi\u021bia de publica\u021bii de-a lungul epocii comuniste.<\/p>\n<p style=\"text-align: left;\">La \u00eenceputul epocii dejiste, \u00een Biblioteca I.M.F. Cluj, publica\u021biile periodice str\u0103ine achizi\u021bionate erau \u00een mare parte din literatura sovietic\u0103, \u00eens\u0103 documentele interne consemneaz\u0103 intrarea \u00een bibliotec\u0103 \u0219i a unor periodice de specialit\u0103\u021bi medicale din \u021b\u0103ri precum: Ungaria, Republica Democrat\u0103 German\u0103, Cehoslovacia, Italia, Fran\u021ba, Anglia, SUA etc. Acestea au ajuns \u00een colec\u021bii cel mai probabil \u00een urma unui schimb interna\u021bional de publica\u021bii. Multe dintre aceste documente au fost p\u0103strate o vreme \u0219i \u00een urm\u0103toarea epoc\u0103 comunist\u0103.<\/p>\n<p style=\"text-align: left;\"><a href=\"https:\/\/new.bjc.ro\/wp-content\/uploads\/2025\/01\/88-95_VictoriaGrozavBiris.pdf\">\u00centreg articolul<\/a><\/p>\n<p><a href=\"#_ftnref1\" name=\"_ftn1\"><\/a><\/p>\n","protected":false},"excerpt":{"rendered":"<p>Victoria Grozav-Biri\u0219 Biblioteca Institutului de Medicin\u0103 \u0219i Farmacie din Cluj (\u00een continuare Biblioteca I.M.F. Cluj) a fost o bibliotec\u0103 universitar\u0103 de specialitate, care s-a adresat \u00een special cadrelor didactice ale Institutului, studen\u021bilor medicini\u0219ti, medicilor \u0219i mai pu\u021bin altor tipuri de cititori. Fiecare regim politic din Rom\u00e2nia \u0219i-a pus amprenta asupra&hellip; <br \/> <a class=\"read-more\" href=\"https:\/\/new.bjc.ro\/?p=10050\">Cite\u0219te mai mult<\/a><\/p>\n","protected":false},"author":3,"featured_media":0,"comment_status":"closed","ping_status":"open","sticky":false,"template":"","format":"standard","meta":{"_monsterinsights_skip_tracking":false,"_monsterinsights_sitenote_active":false,"_monsterinsights_sitenote_note":"","_monsterinsights_sitenote_category":0,"_EventAllDay":false,"_EventTimezone":"","_EventStartDate":"","_EventEndDate":"","_EventStartDateUTC":"","_EventEndDateUTC":"","_EventShowMap":false,"_EventShowMapLink":false,"_EventURL":"","_EventCost":"","_EventCostDescription":"","_EventCurrencySymbol":"","_EventCurrencyCode":"","_EventCurrencyPosition":"","_EventDateTimeSeparator":"","_EventTimeRangeSeparator":"","_EventOrganizerID":[],"_EventVenueID":[],"_OrganizerEmail":"","_OrganizerPhone":"","_OrganizerWebsite":"","_VenueAddress":"","_VenueCity":"","_VenueCountry":"","_VenueProvince":"","_VenueState":"","_VenueZip":"","_VenuePhone":"","_VenueURL":"","_VenueStateProvince":"","_VenueLat":"","_VenueLng":"","_VenueShowMap":false,"_VenueShowMapLink":false,"footnotes":""},"categories":[78],"tags":[],"class_list":["post-10050","post","type-post","status-publish","format-standard","hentry","category-istoria-bibliotecilor"],"gutentor_comment":0,"yoast_head":"<!-- This site is optimized with the Yoast SEO plugin v24.6 - https:\/\/yoast.com\/wordpress\/plugins\/seo\/ -->\n<title>Biblioteca Institutului de Medicin\u0103 \u0219i Farmacie din Cluj la sf\u00e2r\u0219it de comunism \u0219i \u00eenceput de democra\u021bie - Biblioteca Jude\u021bean\u0103 \u201eOctavian Goga\u201d Cluj<\/title>\n<meta name=\"robots\" content=\"index, follow, max-snippet:-1, max-image-preview:large, max-video-preview:-1\" \/>\n<link rel=\"canonical\" href=\"https:\/\/new.bjc.ro\/?p=10050\" \/>\n<meta property=\"og:locale\" content=\"ro_RO\" \/>\n<meta property=\"og:type\" content=\"article\" \/>\n<meta property=\"og:title\" content=\"Biblioteca Institutului de Medicin\u0103 \u0219i Farmacie din Cluj la sf\u00e2r\u0219it de comunism \u0219i \u00eenceput de democra\u021bie - Biblioteca Jude\u021bean\u0103 \u201eOctavian Goga\u201d Cluj\" \/>\n<meta property=\"og:description\" content=\"Victoria Grozav-Biri\u0219 Biblioteca Institutului de Medicin\u0103 \u0219i Farmacie din Cluj (\u00een continuare Biblioteca I.M.F. Cluj) a fost o bibliotec\u0103 universitar\u0103 de specialitate, care s-a adresat \u00een special cadrelor didactice ale Institutului, studen\u021bilor medicini\u0219ti, medicilor \u0219i mai pu\u021bin altor tipuri de cititori. Fiecare regim politic din Rom\u00e2nia \u0219i-a pus amprenta asupra&hellip; Cite\u0219te mai mult\" \/>\n<meta property=\"og:url\" content=\"https:\/\/new.bjc.ro\/?p=10050\" \/>\n<meta property=\"og:site_name\" content=\"Biblioteca Jude\u021bean\u0103 \u201eOctavian Goga\u201d Cluj\" \/>\n<meta property=\"article:publisher\" content=\"https:\/\/www.facebook.com\/bibliotecacluj\/\" \/>\n<meta property=\"article:published_time\" content=\"2025-01-17T11:06:18+00:00\" \/>\n<meta property=\"article:modified_time\" content=\"2025-01-21T11:57:39+00:00\" \/>\n<meta property=\"og:image\" content=\"https:\/\/new.bjc.ro\/wp-content\/uploads\/2023\/01\/IMG_5597-1.jpg\" \/>\n\t<meta property=\"og:image:width\" content=\"2000\" \/>\n\t<meta property=\"og:image:height\" content=\"1333\" \/>\n\t<meta property=\"og:image:type\" content=\"image\/jpeg\" \/>\n<meta name=\"author\" content=\"Anca Docolin\" \/>\n<meta name=\"twitter:card\" content=\"summary_large_image\" \/>\n<meta name=\"twitter:creator\" content=\"@BibliotecaGoga\" \/>\n<meta name=\"twitter:site\" content=\"@BibliotecaGoga\" \/>\n<meta name=\"twitter:label1\" content=\"Scris de\" \/>\n\t<meta name=\"twitter:data1\" content=\"Anca Docolin\" \/>\n\t<meta name=\"twitter:label2\" content=\"Timp estimat pentru citire\" \/>\n\t<meta name=\"twitter:data2\" content=\"1 minut\" \/>\n<script type=\"application\/ld+json\" class=\"yoast-schema-graph\">{\"@context\":\"https:\/\/schema.org\",\"@graph\":[{\"@type\":\"Article\",\"@id\":\"https:\/\/new.bjc.ro\/?p=10050#article\",\"isPartOf\":{\"@id\":\"https:\/\/new.bjc.ro\/?p=10050\"},\"author\":{\"name\":\"Anca Docolin\",\"@id\":\"https:\/\/new.bjc.ro\/#\/schema\/person\/660b9e87eeb0d9945f8af75e9001ca7b\"},\"headline\":\"Biblioteca Institutului de Medicin\u0103 \u0219i Farmacie din Cluj la sf\u00e2r\u0219it de comunism \u0219i \u00eenceput de democra\u021bie\",\"datePublished\":\"2025-01-17T11:06:18+00:00\",\"dateModified\":\"2025-01-21T11:57:39+00:00\",\"mainEntityOfPage\":{\"@id\":\"https:\/\/new.bjc.ro\/?p=10050\"},\"wordCount\":217,\"publisher\":{\"@id\":\"https:\/\/new.bjc.ro\/#organization\"},\"articleSection\":[\"Istoria bibliotecilor, a c\u0103r\u021bii \u0219i lecturii\"],\"inLanguage\":\"ro-RO\"},{\"@type\":\"WebPage\",\"@id\":\"https:\/\/new.bjc.ro\/?p=10050\",\"url\":\"https:\/\/new.bjc.ro\/?p=10050\",\"name\":\"Biblioteca Institutului de Medicin\u0103 \u0219i Farmacie din Cluj la sf\u00e2r\u0219it de comunism \u0219i \u00eenceput de democra\u021bie - Biblioteca Jude\u021bean\u0103 \u201eOctavian Goga\u201d Cluj\",\"isPartOf\":{\"@id\":\"https:\/\/new.bjc.ro\/#website\"},\"datePublished\":\"2025-01-17T11:06:18+00:00\",\"dateModified\":\"2025-01-21T11:57:39+00:00\",\"breadcrumb\":{\"@id\":\"https:\/\/new.bjc.ro\/?p=10050#breadcrumb\"},\"inLanguage\":\"ro-RO\",\"potentialAction\":[{\"@type\":\"ReadAction\",\"target\":[\"https:\/\/new.bjc.ro\/?p=10050\"]}]},{\"@type\":\"BreadcrumbList\",\"@id\":\"https:\/\/new.bjc.ro\/?p=10050#breadcrumb\",\"itemListElement\":[{\"@type\":\"ListItem\",\"position\":1,\"name\":\"Home\",\"item\":\"https:\/\/new.bjc.ro\/\"},{\"@type\":\"ListItem\",\"position\":2,\"name\":\"Biblioteca Institutului de Medicin\u0103 \u0219i Farmacie din Cluj la sf\u00e2r\u0219it de comunism \u0219i \u00eenceput de democra\u021bie\"}]},{\"@type\":\"WebSite\",\"@id\":\"https:\/\/new.bjc.ro\/#website\",\"url\":\"https:\/\/new.bjc.ro\/\",\"name\":\"Biblioteca Jude\u021bean\u0103 \u201eOctavian Goga\u201d Cluj\",\"description\":\"\",\"publisher\":{\"@id\":\"https:\/\/new.bjc.ro\/#organization\"},\"alternateName\":\"Biblioteca Jude\u021bean\u0103 Cluj\",\"potentialAction\":[{\"@type\":\"SearchAction\",\"target\":{\"@type\":\"EntryPoint\",\"urlTemplate\":\"https:\/\/new.bjc.ro\/?s={search_term_string}\"},\"query-input\":{\"@type\":\"PropertyValueSpecification\",\"valueRequired\":true,\"valueName\":\"search_term_string\"}}],\"inLanguage\":\"ro-RO\"},{\"@type\":\"Organization\",\"@id\":\"https:\/\/new.bjc.ro\/#organization\",\"name\":\"Biblioteca Jude\u021bean\u0103 \u201eOctavian Goga\u201d Cluj\",\"url\":\"https:\/\/new.bjc.ro\/\",\"logo\":{\"@type\":\"ImageObject\",\"inLanguage\":\"ro-RO\",\"@id\":\"https:\/\/new.bjc.ro\/#\/schema\/logo\/image\/\",\"url\":\"https:\/\/new.bjc.ro\/wp-content\/uploads\/2023\/03\/sigle.jpg\",\"contentUrl\":\"https:\/\/new.bjc.ro\/wp-content\/uploads\/2023\/03\/sigle.jpg\",\"width\":630,\"height\":473,\"caption\":\"Biblioteca Jude\u021bean\u0103 \u201eOctavian Goga\u201d Cluj\"},\"image\":{\"@id\":\"https:\/\/new.bjc.ro\/#\/schema\/logo\/image\/\"},\"sameAs\":[\"https:\/\/www.facebook.com\/bibliotecacluj\/\",\"https:\/\/x.com\/BibliotecaGoga\",\"https:\/\/www.instagram.com\/biblioteca_judeteana_cluj\/\",\"https:\/\/www.youtube.com\/user\/BibliotecaGoga\"]},{\"@type\":\"Person\",\"@id\":\"https:\/\/new.bjc.ro\/#\/schema\/person\/660b9e87eeb0d9945f8af75e9001ca7b\",\"name\":\"Anca Docolin\",\"image\":{\"@type\":\"ImageObject\",\"inLanguage\":\"ro-RO\",\"@id\":\"https:\/\/new.bjc.ro\/#\/schema\/person\/image\/\",\"url\":\"https:\/\/secure.gravatar.com\/avatar\/342e09fc7bc252bad066d9f96304145d672ba2931d5b7a6f54d7da8d62fb7be1?s=96&d=mm&r=g\",\"contentUrl\":\"https:\/\/secure.gravatar.com\/avatar\/342e09fc7bc252bad066d9f96304145d672ba2931d5b7a6f54d7da8d62fb7be1?s=96&d=mm&r=g\",\"caption\":\"Anca Docolin\"},\"url\":\"https:\/\/new.bjc.ro\/?author=3\"}]}<\/script>\n<!-- \/ Yoast SEO plugin. -->","yoast_head_json":{"title":"Biblioteca Institutului de Medicin\u0103 \u0219i Farmacie din Cluj la sf\u00e2r\u0219it de comunism \u0219i \u00eenceput de democra\u021bie - Biblioteca Jude\u021bean\u0103 \u201eOctavian Goga\u201d Cluj","robots":{"index":"index","follow":"follow","max-snippet":"max-snippet:-1","max-image-preview":"max-image-preview:large","max-video-preview":"max-video-preview:-1"},"canonical":"https:\/\/new.bjc.ro\/?p=10050","og_locale":"ro_RO","og_type":"article","og_title":"Biblioteca Institutului de Medicin\u0103 \u0219i Farmacie din Cluj la sf\u00e2r\u0219it de comunism \u0219i \u00eenceput de democra\u021bie - Biblioteca Jude\u021bean\u0103 \u201eOctavian Goga\u201d Cluj","og_description":"Victoria Grozav-Biri\u0219 Biblioteca Institutului de Medicin\u0103 \u0219i Farmacie din Cluj (\u00een continuare Biblioteca I.M.F. Cluj) a fost o bibliotec\u0103 universitar\u0103 de specialitate, care s-a adresat \u00een special cadrelor didactice ale Institutului, studen\u021bilor medicini\u0219ti, medicilor \u0219i mai pu\u021bin altor tipuri de cititori. Fiecare regim politic din Rom\u00e2nia \u0219i-a pus amprenta asupra&hellip; Cite\u0219te mai mult","og_url":"https:\/\/new.bjc.ro\/?p=10050","og_site_name":"Biblioteca Jude\u021bean\u0103 \u201eOctavian Goga\u201d Cluj","article_publisher":"https:\/\/www.facebook.com\/bibliotecacluj\/","article_published_time":"2025-01-17T11:06:18+00:00","article_modified_time":"2025-01-21T11:57:39+00:00","og_image":[{"width":2000,"height":1333,"url":"https:\/\/new.bjc.ro\/wp-content\/uploads\/2023\/01\/IMG_5597-1.jpg","type":"image\/jpeg"}],"author":"Anca Docolin","twitter_card":"summary_large_image","twitter_creator":"@BibliotecaGoga","twitter_site":"@BibliotecaGoga","twitter_misc":{"Scris de":"Anca Docolin","Timp estimat pentru citire":"1 minut"},"schema":{"@context":"https:\/\/schema.org","@graph":[{"@type":"Article","@id":"https:\/\/new.bjc.ro\/?p=10050#article","isPartOf":{"@id":"https:\/\/new.bjc.ro\/?p=10050"},"author":{"name":"Anca Docolin","@id":"https:\/\/new.bjc.ro\/#\/schema\/person\/660b9e87eeb0d9945f8af75e9001ca7b"},"headline":"Biblioteca Institutului de Medicin\u0103 \u0219i Farmacie din Cluj la sf\u00e2r\u0219it de comunism \u0219i \u00eenceput de democra\u021bie","datePublished":"2025-01-17T11:06:18+00:00","dateModified":"2025-01-21T11:57:39+00:00","mainEntityOfPage":{"@id":"https:\/\/new.bjc.ro\/?p=10050"},"wordCount":217,"publisher":{"@id":"https:\/\/new.bjc.ro\/#organization"},"articleSection":["Istoria bibliotecilor, a c\u0103r\u021bii \u0219i lecturii"],"inLanguage":"ro-RO"},{"@type":"WebPage","@id":"https:\/\/new.bjc.ro\/?p=10050","url":"https:\/\/new.bjc.ro\/?p=10050","name":"Biblioteca Institutului de Medicin\u0103 \u0219i Farmacie din Cluj la sf\u00e2r\u0219it de comunism \u0219i \u00eenceput de democra\u021bie - Biblioteca Jude\u021bean\u0103 \u201eOctavian Goga\u201d Cluj","isPartOf":{"@id":"https:\/\/new.bjc.ro\/#website"},"datePublished":"2025-01-17T11:06:18+00:00","dateModified":"2025-01-21T11:57:39+00:00","breadcrumb":{"@id":"https:\/\/new.bjc.ro\/?p=10050#breadcrumb"},"inLanguage":"ro-RO","potentialAction":[{"@type":"ReadAction","target":["https:\/\/new.bjc.ro\/?p=10050"]}]},{"@type":"BreadcrumbList","@id":"https:\/\/new.bjc.ro\/?p=10050#breadcrumb","itemListElement":[{"@type":"ListItem","position":1,"name":"Home","item":"https:\/\/new.bjc.ro\/"},{"@type":"ListItem","position":2,"name":"Biblioteca Institutului de Medicin\u0103 \u0219i Farmacie din Cluj la sf\u00e2r\u0219it de comunism \u0219i \u00eenceput de democra\u021bie"}]},{"@type":"WebSite","@id":"https:\/\/new.bjc.ro\/#website","url":"https:\/\/new.bjc.ro\/","name":"Biblioteca Jude\u021bean\u0103 \u201eOctavian Goga\u201d Cluj","description":"","publisher":{"@id":"https:\/\/new.bjc.ro\/#organization"},"alternateName":"Biblioteca Jude\u021bean\u0103 Cluj","potentialAction":[{"@type":"SearchAction","target":{"@type":"EntryPoint","urlTemplate":"https:\/\/new.bjc.ro\/?s={search_term_string}"},"query-input":{"@type":"PropertyValueSpecification","valueRequired":true,"valueName":"search_term_string"}}],"inLanguage":"ro-RO"},{"@type":"Organization","@id":"https:\/\/new.bjc.ro\/#organization","name":"Biblioteca Jude\u021bean\u0103 \u201eOctavian Goga\u201d Cluj","url":"https:\/\/new.bjc.ro\/","logo":{"@type":"ImageObject","inLanguage":"ro-RO","@id":"https:\/\/new.bjc.ro\/#\/schema\/logo\/image\/","url":"https:\/\/new.bjc.ro\/wp-content\/uploads\/2023\/03\/sigle.jpg","contentUrl":"https:\/\/new.bjc.ro\/wp-content\/uploads\/2023\/03\/sigle.jpg","width":630,"height":473,"caption":"Biblioteca Jude\u021bean\u0103 \u201eOctavian Goga\u201d Cluj"},"image":{"@id":"https:\/\/new.bjc.ro\/#\/schema\/logo\/image\/"},"sameAs":["https:\/\/www.facebook.com\/bibliotecacluj\/","https:\/\/x.com\/BibliotecaGoga","https:\/\/www.instagram.com\/biblioteca_judeteana_cluj\/","https:\/\/www.youtube.com\/user\/BibliotecaGoga"]},{"@type":"Person","@id":"https:\/\/new.bjc.ro\/#\/schema\/person\/660b9e87eeb0d9945f8af75e9001ca7b","name":"Anca Docolin","image":{"@type":"ImageObject","inLanguage":"ro-RO","@id":"https:\/\/new.bjc.ro\/#\/schema\/person\/image\/","url":"https:\/\/secure.gravatar.com\/avatar\/342e09fc7bc252bad066d9f96304145d672ba2931d5b7a6f54d7da8d62fb7be1?s=96&d=mm&r=g","contentUrl":"https:\/\/secure.gravatar.com\/avatar\/342e09fc7bc252bad066d9f96304145d672ba2931d5b7a6f54d7da8d62fb7be1?s=96&d=mm&r=g","caption":"Anca Docolin"},"url":"https:\/\/new.bjc.ro\/?author=3"}]}},"_links":{"self":[{"href":"https:\/\/new.bjc.ro\/index.php?rest_route=\/wp\/v2\/posts\/10050","targetHints":{"allow":["GET"]}}],"collection":[{"href":"https:\/\/new.bjc.ro\/index.php?rest_route=\/wp\/v2\/posts"}],"about":[{"href":"https:\/\/new.bjc.ro\/index.php?rest_route=\/wp\/v2\/types\/post"}],"author":[{"embeddable":true,"href":"https:\/\/new.bjc.ro\/index.php?rest_route=\/wp\/v2\/users\/3"}],"replies":[{"embeddable":true,"href":"https:\/\/new.bjc.ro\/index.php?rest_route=%2Fwp%2Fv2%2Fcomments&post=10050"}],"version-history":[{"count":3,"href":"https:\/\/new.bjc.ro\/index.php?rest_route=\/wp\/v2\/posts\/10050\/revisions"}],"predecessor-version":[{"id":10183,"href":"https:\/\/new.bjc.ro\/index.php?rest_route=\/wp\/v2\/posts\/10050\/revisions\/10183"}],"wp:attachment":[{"href":"https:\/\/new.bjc.ro\/index.php?rest_route=%2Fwp%2Fv2%2Fmedia&parent=10050"}],"wp:term":[{"taxonomy":"category","embeddable":true,"href":"https:\/\/new.bjc.ro\/index.php?rest_route=%2Fwp%2Fv2%2Fcategories&post=10050"},{"taxonomy":"post_tag","embeddable":true,"href":"https:\/\/new.bjc.ro\/index.php?rest_route=%2Fwp%2Fv2%2Ftags&post=10050"}],"curies":[{"name":"wp","href":"https:\/\/api.w.org\/{rel}","templated":true}]}}