{"id":10054,"date":"2025-01-17T13:09:39","date_gmt":"2025-01-17T11:09:39","guid":{"rendered":"https:\/\/new.bjc.ro\/?p=10054"},"modified":"2025-01-21T13:56:18","modified_gmt":"2025-01-21T11:56:18","slug":"calendarele-universului-rural-romanesc-i","status":"publish","type":"post","link":"https:\/\/new.bjc.ro\/?p=10054","title":{"rendered":"Calendarele universului rural rom\u00e2nesc (I)"},"content":{"rendered":"<p style=\"text-align: left;\"><strong>Anca-Maria Pop<\/strong><\/p>\n<p style=\"text-align: left;\">Produc\u021bie literar\u0103 deosebit\u0103, \u00a0dedicat\u0103 poporului rom\u00e2n, o parte semnificativ\u0103 editat\u0103 pentru popula\u021bia rural\u0103, literatura calendaristic\u0103 documenteaz\u0103 \u0219i delecteaz\u0103 cititorii prin calitatea con\u0163inutului, aria de interes \u0219i forma editorial\u0103. La finele secolului al XIX-lea, asist\u0103m la o evolu\u021bie calendaristic\u0103 semantic\u0103, numeric\u0103 \u0219i de complexitate. Sub umbrela larg\u0103 a denumirii \u201ecalendare\u201d au circulat, \u00een a doua parte a secolului al XIX-lea, \u00een jur de 41 de publica\u021bii destinate s\u0103tenilor.<\/p>\n<p style=\"text-align: left;\"><strong><em>Apogeul literaturii calendaristice<\/em><\/strong><\/p>\n<p style=\"text-align: left;\">Calendarele au fost printre singurele surse de informare \u0219i culturalizare suficient de accesibile ca pre\u021b \u0219i limbaj, reg\u0103sindu-se \u00een aproape toate casele. Surs\u0103 de educare \u0219i relaxare, informare pe toate temele de interes ale \u021b\u0103ranului rom\u00e2n \u0219i pentru toate v\u00e2rstele, calendarele au fost editate la sf\u00e2r\u0219itul fiec\u0103rui an, pentru anul urm\u0103tor, promov\u00e2ndu-se \u00een publica\u021bii de interes precum revista \u201eTransilvania\u201d.<\/p>\n<p style=\"text-align: left;\"><a href=\"https:\/\/new.bjc.ro\/wp-content\/uploads\/2025\/01\/96-100_AncaMariaPop.pdf\">\u00centreg articolul<\/a><\/p>\n<p><a href=\"#_ftnref1\" name=\"_ftn1\"><\/a><\/p>\n","protected":false},"excerpt":{"rendered":"<p>Anca-Maria Pop Produc\u021bie literar\u0103 deosebit\u0103, \u00a0dedicat\u0103 poporului rom\u00e2n, o parte semnificativ\u0103 editat\u0103 pentru popula\u021bia rural\u0103, literatura calendaristic\u0103 documenteaz\u0103 \u0219i delecteaz\u0103 cititorii prin calitatea con\u0163inutului, aria de interes \u0219i forma editorial\u0103. La finele secolului al XIX-lea, asist\u0103m la o evolu\u021bie calendaristic\u0103 semantic\u0103, numeric\u0103 \u0219i de complexitate. Sub umbrela larg\u0103 a denumirii&hellip; <br \/> <a class=\"read-more\" href=\"https:\/\/new.bjc.ro\/?p=10054\">Cite\u0219te mai mult<\/a><\/p>\n","protected":false},"author":3,"featured_media":0,"comment_status":"closed","ping_status":"open","sticky":false,"template":"","format":"standard","meta":{"_monsterinsights_skip_tracking":false,"_monsterinsights_sitenote_active":false,"_monsterinsights_sitenote_note":"","_monsterinsights_sitenote_category":0,"_EventAllDay":false,"_EventTimezone":"","_EventStartDate":"","_EventEndDate":"","_EventStartDateUTC":"","_EventEndDateUTC":"","_EventShowMap":false,"_EventShowMapLink":false,"_EventURL":"","_EventCost":"","_EventCostDescription":"","_EventCurrencySymbol":"","_EventCurrencyCode":"","_EventCurrencyPosition":"","_EventDateTimeSeparator":"","_EventTimeRangeSeparator":"","_EventOrganizerID":[],"_EventVenueID":[],"_OrganizerEmail":"","_OrganizerPhone":"","_OrganizerWebsite":"","_VenueAddress":"","_VenueCity":"","_VenueCountry":"","_VenueProvince":"","_VenueState":"","_VenueZip":"","_VenuePhone":"","_VenueURL":"","_VenueStateProvince":"","_VenueLat":"","_VenueLng":"","_VenueShowMap":false,"_VenueShowMapLink":false,"footnotes":""},"categories":[78],"tags":[],"class_list":["post-10054","post","type-post","status-publish","format-standard","hentry","category-istoria-bibliotecilor"],"gutentor_comment":0,"yoast_head":"<!-- This site is optimized with the Yoast SEO plugin v24.6 - https:\/\/yoast.com\/wordpress\/plugins\/seo\/ -->\n<title>Calendarele universului rural rom\u00e2nesc (I) - Biblioteca Jude\u021bean\u0103 \u201eOctavian Goga\u201d Cluj<\/title>\n<meta name=\"robots\" content=\"index, follow, max-snippet:-1, max-image-preview:large, max-video-preview:-1\" \/>\n<link rel=\"canonical\" href=\"https:\/\/new.bjc.ro\/?p=10054\" \/>\n<meta property=\"og:locale\" content=\"ro_RO\" \/>\n<meta property=\"og:type\" content=\"article\" \/>\n<meta property=\"og:title\" content=\"Calendarele universului rural rom\u00e2nesc (I) - Biblioteca Jude\u021bean\u0103 \u201eOctavian Goga\u201d Cluj\" \/>\n<meta property=\"og:description\" content=\"Anca-Maria Pop Produc\u021bie literar\u0103 deosebit\u0103, \u00a0dedicat\u0103 poporului rom\u00e2n, o parte semnificativ\u0103 editat\u0103 pentru popula\u021bia rural\u0103, literatura calendaristic\u0103 documenteaz\u0103 \u0219i delecteaz\u0103 cititorii prin calitatea con\u0163inutului, aria de interes \u0219i forma editorial\u0103. La finele secolului al XIX-lea, asist\u0103m la o evolu\u021bie calendaristic\u0103 semantic\u0103, numeric\u0103 \u0219i de complexitate. Sub umbrela larg\u0103 a denumirii&hellip; Cite\u0219te mai mult\" \/>\n<meta property=\"og:url\" content=\"https:\/\/new.bjc.ro\/?p=10054\" \/>\n<meta property=\"og:site_name\" content=\"Biblioteca Jude\u021bean\u0103 \u201eOctavian Goga\u201d Cluj\" \/>\n<meta property=\"article:publisher\" content=\"https:\/\/www.facebook.com\/bibliotecacluj\/\" \/>\n<meta property=\"article:published_time\" content=\"2025-01-17T11:09:39+00:00\" \/>\n<meta property=\"article:modified_time\" content=\"2025-01-21T11:56:18+00:00\" \/>\n<meta property=\"og:image\" content=\"https:\/\/new.bjc.ro\/wp-content\/uploads\/2023\/01\/IMG_5597-1.jpg\" \/>\n\t<meta property=\"og:image:width\" content=\"2000\" \/>\n\t<meta property=\"og:image:height\" content=\"1333\" \/>\n\t<meta property=\"og:image:type\" content=\"image\/jpeg\" \/>\n<meta name=\"author\" content=\"Anca Docolin\" \/>\n<meta name=\"twitter:card\" content=\"summary_large_image\" \/>\n<meta name=\"twitter:creator\" content=\"@BibliotecaGoga\" \/>\n<meta name=\"twitter:site\" content=\"@BibliotecaGoga\" \/>\n<meta name=\"twitter:label1\" content=\"Scris de\" \/>\n\t<meta name=\"twitter:data1\" content=\"Anca Docolin\" \/>\n\t<meta name=\"twitter:label2\" content=\"Timp estimat pentru citire\" \/>\n\t<meta name=\"twitter:data2\" content=\"1 minut\" \/>\n<script type=\"application\/ld+json\" class=\"yoast-schema-graph\">{\"@context\":\"https:\/\/schema.org\",\"@graph\":[{\"@type\":\"Article\",\"@id\":\"https:\/\/new.bjc.ro\/?p=10054#article\",\"isPartOf\":{\"@id\":\"https:\/\/new.bjc.ro\/?p=10054\"},\"author\":{\"name\":\"Anca Docolin\",\"@id\":\"https:\/\/new.bjc.ro\/#\/schema\/person\/660b9e87eeb0d9945f8af75e9001ca7b\"},\"headline\":\"Calendarele universului rural rom\u00e2nesc (I)\",\"datePublished\":\"2025-01-17T11:09:39+00:00\",\"dateModified\":\"2025-01-21T11:56:18+00:00\",\"mainEntityOfPage\":{\"@id\":\"https:\/\/new.bjc.ro\/?p=10054\"},\"wordCount\":155,\"publisher\":{\"@id\":\"https:\/\/new.bjc.ro\/#organization\"},\"articleSection\":[\"Istoria bibliotecilor, a c\u0103r\u021bii \u0219i lecturii\"],\"inLanguage\":\"ro-RO\"},{\"@type\":\"WebPage\",\"@id\":\"https:\/\/new.bjc.ro\/?p=10054\",\"url\":\"https:\/\/new.bjc.ro\/?p=10054\",\"name\":\"Calendarele universului rural rom\u00e2nesc (I) - Biblioteca Jude\u021bean\u0103 \u201eOctavian Goga\u201d Cluj\",\"isPartOf\":{\"@id\":\"https:\/\/new.bjc.ro\/#website\"},\"datePublished\":\"2025-01-17T11:09:39+00:00\",\"dateModified\":\"2025-01-21T11:56:18+00:00\",\"breadcrumb\":{\"@id\":\"https:\/\/new.bjc.ro\/?p=10054#breadcrumb\"},\"inLanguage\":\"ro-RO\",\"potentialAction\":[{\"@type\":\"ReadAction\",\"target\":[\"https:\/\/new.bjc.ro\/?p=10054\"]}]},{\"@type\":\"BreadcrumbList\",\"@id\":\"https:\/\/new.bjc.ro\/?p=10054#breadcrumb\",\"itemListElement\":[{\"@type\":\"ListItem\",\"position\":1,\"name\":\"Home\",\"item\":\"https:\/\/new.bjc.ro\/\"},{\"@type\":\"ListItem\",\"position\":2,\"name\":\"Calendarele universului rural rom\u00e2nesc (I)\"}]},{\"@type\":\"WebSite\",\"@id\":\"https:\/\/new.bjc.ro\/#website\",\"url\":\"https:\/\/new.bjc.ro\/\",\"name\":\"Biblioteca Jude\u021bean\u0103 \u201eOctavian Goga\u201d Cluj\",\"description\":\"\",\"publisher\":{\"@id\":\"https:\/\/new.bjc.ro\/#organization\"},\"alternateName\":\"Biblioteca Jude\u021bean\u0103 Cluj\",\"potentialAction\":[{\"@type\":\"SearchAction\",\"target\":{\"@type\":\"EntryPoint\",\"urlTemplate\":\"https:\/\/new.bjc.ro\/?s={search_term_string}\"},\"query-input\":{\"@type\":\"PropertyValueSpecification\",\"valueRequired\":true,\"valueName\":\"search_term_string\"}}],\"inLanguage\":\"ro-RO\"},{\"@type\":\"Organization\",\"@id\":\"https:\/\/new.bjc.ro\/#organization\",\"name\":\"Biblioteca Jude\u021bean\u0103 \u201eOctavian Goga\u201d Cluj\",\"url\":\"https:\/\/new.bjc.ro\/\",\"logo\":{\"@type\":\"ImageObject\",\"inLanguage\":\"ro-RO\",\"@id\":\"https:\/\/new.bjc.ro\/#\/schema\/logo\/image\/\",\"url\":\"https:\/\/new.bjc.ro\/wp-content\/uploads\/2023\/03\/sigle.jpg\",\"contentUrl\":\"https:\/\/new.bjc.ro\/wp-content\/uploads\/2023\/03\/sigle.jpg\",\"width\":630,\"height\":473,\"caption\":\"Biblioteca Jude\u021bean\u0103 \u201eOctavian Goga\u201d Cluj\"},\"image\":{\"@id\":\"https:\/\/new.bjc.ro\/#\/schema\/logo\/image\/\"},\"sameAs\":[\"https:\/\/www.facebook.com\/bibliotecacluj\/\",\"https:\/\/x.com\/BibliotecaGoga\",\"https:\/\/www.instagram.com\/biblioteca_judeteana_cluj\/\",\"https:\/\/www.youtube.com\/user\/BibliotecaGoga\"]},{\"@type\":\"Person\",\"@id\":\"https:\/\/new.bjc.ro\/#\/schema\/person\/660b9e87eeb0d9945f8af75e9001ca7b\",\"name\":\"Anca Docolin\",\"image\":{\"@type\":\"ImageObject\",\"inLanguage\":\"ro-RO\",\"@id\":\"https:\/\/new.bjc.ro\/#\/schema\/person\/image\/\",\"url\":\"https:\/\/secure.gravatar.com\/avatar\/342e09fc7bc252bad066d9f96304145d672ba2931d5b7a6f54d7da8d62fb7be1?s=96&d=mm&r=g\",\"contentUrl\":\"https:\/\/secure.gravatar.com\/avatar\/342e09fc7bc252bad066d9f96304145d672ba2931d5b7a6f54d7da8d62fb7be1?s=96&d=mm&r=g\",\"caption\":\"Anca Docolin\"},\"url\":\"https:\/\/new.bjc.ro\/?author=3\"}]}<\/script>\n<!-- \/ Yoast SEO plugin. -->","yoast_head_json":{"title":"Calendarele universului rural rom\u00e2nesc (I) - Biblioteca Jude\u021bean\u0103 \u201eOctavian Goga\u201d Cluj","robots":{"index":"index","follow":"follow","max-snippet":"max-snippet:-1","max-image-preview":"max-image-preview:large","max-video-preview":"max-video-preview:-1"},"canonical":"https:\/\/new.bjc.ro\/?p=10054","og_locale":"ro_RO","og_type":"article","og_title":"Calendarele universului rural rom\u00e2nesc (I) - Biblioteca Jude\u021bean\u0103 \u201eOctavian Goga\u201d Cluj","og_description":"Anca-Maria Pop Produc\u021bie literar\u0103 deosebit\u0103, \u00a0dedicat\u0103 poporului rom\u00e2n, o parte semnificativ\u0103 editat\u0103 pentru popula\u021bia rural\u0103, literatura calendaristic\u0103 documenteaz\u0103 \u0219i delecteaz\u0103 cititorii prin calitatea con\u0163inutului, aria de interes \u0219i forma editorial\u0103. La finele secolului al XIX-lea, asist\u0103m la o evolu\u021bie calendaristic\u0103 semantic\u0103, numeric\u0103 \u0219i de complexitate. Sub umbrela larg\u0103 a denumirii&hellip; Cite\u0219te mai mult","og_url":"https:\/\/new.bjc.ro\/?p=10054","og_site_name":"Biblioteca Jude\u021bean\u0103 \u201eOctavian Goga\u201d Cluj","article_publisher":"https:\/\/www.facebook.com\/bibliotecacluj\/","article_published_time":"2025-01-17T11:09:39+00:00","article_modified_time":"2025-01-21T11:56:18+00:00","og_image":[{"width":2000,"height":1333,"url":"https:\/\/new.bjc.ro\/wp-content\/uploads\/2023\/01\/IMG_5597-1.jpg","type":"image\/jpeg"}],"author":"Anca Docolin","twitter_card":"summary_large_image","twitter_creator":"@BibliotecaGoga","twitter_site":"@BibliotecaGoga","twitter_misc":{"Scris de":"Anca Docolin","Timp estimat pentru citire":"1 minut"},"schema":{"@context":"https:\/\/schema.org","@graph":[{"@type":"Article","@id":"https:\/\/new.bjc.ro\/?p=10054#article","isPartOf":{"@id":"https:\/\/new.bjc.ro\/?p=10054"},"author":{"name":"Anca Docolin","@id":"https:\/\/new.bjc.ro\/#\/schema\/person\/660b9e87eeb0d9945f8af75e9001ca7b"},"headline":"Calendarele universului rural rom\u00e2nesc (I)","datePublished":"2025-01-17T11:09:39+00:00","dateModified":"2025-01-21T11:56:18+00:00","mainEntityOfPage":{"@id":"https:\/\/new.bjc.ro\/?p=10054"},"wordCount":155,"publisher":{"@id":"https:\/\/new.bjc.ro\/#organization"},"articleSection":["Istoria bibliotecilor, a c\u0103r\u021bii \u0219i lecturii"],"inLanguage":"ro-RO"},{"@type":"WebPage","@id":"https:\/\/new.bjc.ro\/?p=10054","url":"https:\/\/new.bjc.ro\/?p=10054","name":"Calendarele universului rural rom\u00e2nesc (I) - Biblioteca Jude\u021bean\u0103 \u201eOctavian Goga\u201d Cluj","isPartOf":{"@id":"https:\/\/new.bjc.ro\/#website"},"datePublished":"2025-01-17T11:09:39+00:00","dateModified":"2025-01-21T11:56:18+00:00","breadcrumb":{"@id":"https:\/\/new.bjc.ro\/?p=10054#breadcrumb"},"inLanguage":"ro-RO","potentialAction":[{"@type":"ReadAction","target":["https:\/\/new.bjc.ro\/?p=10054"]}]},{"@type":"BreadcrumbList","@id":"https:\/\/new.bjc.ro\/?p=10054#breadcrumb","itemListElement":[{"@type":"ListItem","position":1,"name":"Home","item":"https:\/\/new.bjc.ro\/"},{"@type":"ListItem","position":2,"name":"Calendarele universului rural rom\u00e2nesc (I)"}]},{"@type":"WebSite","@id":"https:\/\/new.bjc.ro\/#website","url":"https:\/\/new.bjc.ro\/","name":"Biblioteca Jude\u021bean\u0103 \u201eOctavian Goga\u201d Cluj","description":"","publisher":{"@id":"https:\/\/new.bjc.ro\/#organization"},"alternateName":"Biblioteca Jude\u021bean\u0103 Cluj","potentialAction":[{"@type":"SearchAction","target":{"@type":"EntryPoint","urlTemplate":"https:\/\/new.bjc.ro\/?s={search_term_string}"},"query-input":{"@type":"PropertyValueSpecification","valueRequired":true,"valueName":"search_term_string"}}],"inLanguage":"ro-RO"},{"@type":"Organization","@id":"https:\/\/new.bjc.ro\/#organization","name":"Biblioteca Jude\u021bean\u0103 \u201eOctavian Goga\u201d Cluj","url":"https:\/\/new.bjc.ro\/","logo":{"@type":"ImageObject","inLanguage":"ro-RO","@id":"https:\/\/new.bjc.ro\/#\/schema\/logo\/image\/","url":"https:\/\/new.bjc.ro\/wp-content\/uploads\/2023\/03\/sigle.jpg","contentUrl":"https:\/\/new.bjc.ro\/wp-content\/uploads\/2023\/03\/sigle.jpg","width":630,"height":473,"caption":"Biblioteca Jude\u021bean\u0103 \u201eOctavian Goga\u201d Cluj"},"image":{"@id":"https:\/\/new.bjc.ro\/#\/schema\/logo\/image\/"},"sameAs":["https:\/\/www.facebook.com\/bibliotecacluj\/","https:\/\/x.com\/BibliotecaGoga","https:\/\/www.instagram.com\/biblioteca_judeteana_cluj\/","https:\/\/www.youtube.com\/user\/BibliotecaGoga"]},{"@type":"Person","@id":"https:\/\/new.bjc.ro\/#\/schema\/person\/660b9e87eeb0d9945f8af75e9001ca7b","name":"Anca Docolin","image":{"@type":"ImageObject","inLanguage":"ro-RO","@id":"https:\/\/new.bjc.ro\/#\/schema\/person\/image\/","url":"https:\/\/secure.gravatar.com\/avatar\/342e09fc7bc252bad066d9f96304145d672ba2931d5b7a6f54d7da8d62fb7be1?s=96&d=mm&r=g","contentUrl":"https:\/\/secure.gravatar.com\/avatar\/342e09fc7bc252bad066d9f96304145d672ba2931d5b7a6f54d7da8d62fb7be1?s=96&d=mm&r=g","caption":"Anca Docolin"},"url":"https:\/\/new.bjc.ro\/?author=3"}]}},"_links":{"self":[{"href":"https:\/\/new.bjc.ro\/index.php?rest_route=\/wp\/v2\/posts\/10054","targetHints":{"allow":["GET"]}}],"collection":[{"href":"https:\/\/new.bjc.ro\/index.php?rest_route=\/wp\/v2\/posts"}],"about":[{"href":"https:\/\/new.bjc.ro\/index.php?rest_route=\/wp\/v2\/types\/post"}],"author":[{"embeddable":true,"href":"https:\/\/new.bjc.ro\/index.php?rest_route=\/wp\/v2\/users\/3"}],"replies":[{"embeddable":true,"href":"https:\/\/new.bjc.ro\/index.php?rest_route=%2Fwp%2Fv2%2Fcomments&post=10054"}],"version-history":[{"count":3,"href":"https:\/\/new.bjc.ro\/index.php?rest_route=\/wp\/v2\/posts\/10054\/revisions"}],"predecessor-version":[{"id":10181,"href":"https:\/\/new.bjc.ro\/index.php?rest_route=\/wp\/v2\/posts\/10054\/revisions\/10181"}],"wp:attachment":[{"href":"https:\/\/new.bjc.ro\/index.php?rest_route=%2Fwp%2Fv2%2Fmedia&parent=10054"}],"wp:term":[{"taxonomy":"category","embeddable":true,"href":"https:\/\/new.bjc.ro\/index.php?rest_route=%2Fwp%2Fv2%2Fcategories&post=10054"},{"taxonomy":"post_tag","embeddable":true,"href":"https:\/\/new.bjc.ro\/index.php?rest_route=%2Fwp%2Fv2%2Ftags&post=10054"}],"curies":[{"name":"wp","href":"https:\/\/api.w.org\/{rel}","templated":true}]}}