{"id":10058,"date":"2025-01-17T13:13:22","date_gmt":"2025-01-17T11:13:22","guid":{"rendered":"https:\/\/new.bjc.ro\/?p=10058"},"modified":"2025-01-21T13:59:52","modified_gmt":"2025-01-21T11:59:52","slug":"in-amintirea-istoricului-literar-gyorgy-lajos-1890-1950","status":"publish","type":"post","link":"https:\/\/new.bjc.ro\/?p=10058","title":{"rendered":"\u00cen amintirea istoricului literar Gy\u00f6rgy Lajos (1890-1950)"},"content":{"rendered":"<p style=\"text-align: left;\"><strong>Horv\u00e1th Csaba<\/strong><\/p>\n<p style=\"text-align: left;\">Datorit\u0103 importan\u021bei sale politico-economice \u0219i a pozi\u021biei geografice, Clujul a atras nenum\u0103rate persoane care \u0219i-au desf\u0103\u0219urat activitatea \u00een aceast\u0103 urbe. Dintre ace\u0219tia, unii s-au stabilit \u00een ora\u0219, \u00een timp ce al\u021bii au tr\u0103it aici numai o perioad\u0103 limitat\u0103 de timp. Printre cei dint\u00e2i se num\u0103r\u0103 istoricul literar, profesorul universitar \u0219i directorul de bibliotec\u0103 Gy\u00f6rgy Lajos.<\/p>\n<p style=\"text-align: left;\">N\u0103scut la T\u00e2rgu-Mure\u0219, \u00een 1890, ca fiul ilegitim al unei servitoare originare din S\u00e2nmartin (comitatul Ciuc, azi jude\u021bul Harghita), Gy\u00f6rgy \u0219i-a petrecut copil\u0103ria \u00een satul natal al mamei sale. Studiile preuniversitare le-a finalizat la gimnaziul piarist din Cluj, iar pe cele universitare le-a terminat la renumita Universitate \u201eFrancisc Iosif\u201d.<\/p>\n<p style=\"text-align: left;\">O parte integrant\u0103 a vie\u021bii sale a constituit-o activitatea de la catedr\u0103. \u00cen tinere\u021be a fost profesor suplinitor la o \u0219coal\u0103 din Budapesta, respectiv la gimnaziul romano-catolic din Mez\u0151k\u00f6vesd. Revenit \u00een 1916 la Cluj, Gy\u00f6rgy Lajos a predat limba maghiar\u0103 \u0219i latina la renumita \u0219coal\u0103 romano-catolic\u0103 de fete Marianum, devenind directorul institu\u021biei pedagogice din cadrul acestei \u0219coli, Paedagogium (1922-1923), respectiv directorul adjunct al institu\u021biei (1923-1924).<\/p>\n<p style=\"text-align: left;\"><a href=\"https:\/\/new.bjc.ro\/wp-content\/uploads\/2025\/01\/101-104_HorvathCsaba.pdf\">\u00centreg articolul<\/a><\/p>\n<p>&nbsp;<\/p>\n","protected":false},"excerpt":{"rendered":"<p>Horv\u00e1th Csaba Datorit\u0103 importan\u021bei sale politico-economice \u0219i a pozi\u021biei geografice, Clujul a atras nenum\u0103rate persoane care \u0219i-au desf\u0103\u0219urat activitatea \u00een aceast\u0103 urbe. Dintre ace\u0219tia, unii s-au stabilit \u00een ora\u0219, \u00een timp ce al\u021bii au tr\u0103it aici numai o perioad\u0103 limitat\u0103 de timp. Printre cei dint\u00e2i se num\u0103r\u0103 istoricul literar, profesorul&hellip; <br \/> <a class=\"read-more\" href=\"https:\/\/new.bjc.ro\/?p=10058\">Cite\u0219te mai mult<\/a><\/p>\n","protected":false},"author":3,"featured_media":0,"comment_status":"closed","ping_status":"open","sticky":false,"template":"","format":"standard","meta":{"_monsterinsights_skip_tracking":false,"_monsterinsights_sitenote_active":false,"_monsterinsights_sitenote_note":"","_monsterinsights_sitenote_category":0,"_EventAllDay":false,"_EventTimezone":"","_EventStartDate":"","_EventEndDate":"","_EventStartDateUTC":"","_EventEndDateUTC":"","_EventShowMap":false,"_EventShowMapLink":false,"_EventURL":"","_EventCost":"","_EventCostDescription":"","_EventCurrencySymbol":"","_EventCurrencyCode":"","_EventCurrencyPosition":"","_EventDateTimeSeparator":"","_EventTimeRangeSeparator":"","_EventOrganizerID":[],"_EventVenueID":[],"_OrganizerEmail":"","_OrganizerPhone":"","_OrganizerWebsite":"","_VenueAddress":"","_VenueCity":"","_VenueCountry":"","_VenueProvince":"","_VenueState":"","_VenueZip":"","_VenuePhone":"","_VenueURL":"","_VenueStateProvince":"","_VenueLat":"","_VenueLng":"","_VenueShowMap":false,"_VenueShowMapLink":false,"footnotes":""},"categories":[79],"tags":[],"class_list":["post-10058","post","type-post","status-publish","format-standard","hentry","category-istorie-locala"],"gutentor_comment":0,"yoast_head":"<!-- This site is optimized with the Yoast SEO plugin v24.6 - https:\/\/yoast.com\/wordpress\/plugins\/seo\/ -->\n<title>\u00cen amintirea istoricului literar Gy\u00f6rgy Lajos (1890-1950) - Biblioteca Jude\u021bean\u0103 \u201eOctavian Goga\u201d Cluj<\/title>\n<meta name=\"robots\" content=\"index, follow, max-snippet:-1, max-image-preview:large, max-video-preview:-1\" \/>\n<link rel=\"canonical\" href=\"https:\/\/new.bjc.ro\/?p=10058\" \/>\n<meta property=\"og:locale\" content=\"ro_RO\" \/>\n<meta property=\"og:type\" content=\"article\" \/>\n<meta property=\"og:title\" content=\"\u00cen amintirea istoricului literar Gy\u00f6rgy Lajos (1890-1950) - Biblioteca Jude\u021bean\u0103 \u201eOctavian Goga\u201d Cluj\" \/>\n<meta property=\"og:description\" content=\"Horv\u00e1th Csaba Datorit\u0103 importan\u021bei sale politico-economice \u0219i a pozi\u021biei geografice, Clujul a atras nenum\u0103rate persoane care \u0219i-au desf\u0103\u0219urat activitatea \u00een aceast\u0103 urbe. Dintre ace\u0219tia, unii s-au stabilit \u00een ora\u0219, \u00een timp ce al\u021bii au tr\u0103it aici numai o perioad\u0103 limitat\u0103 de timp. Printre cei dint\u00e2i se num\u0103r\u0103 istoricul literar, profesorul&hellip; Cite\u0219te mai mult\" \/>\n<meta property=\"og:url\" content=\"https:\/\/new.bjc.ro\/?p=10058\" \/>\n<meta property=\"og:site_name\" content=\"Biblioteca Jude\u021bean\u0103 \u201eOctavian Goga\u201d Cluj\" \/>\n<meta property=\"article:publisher\" content=\"https:\/\/www.facebook.com\/bibliotecacluj\/\" \/>\n<meta property=\"article:published_time\" content=\"2025-01-17T11:13:22+00:00\" \/>\n<meta property=\"article:modified_time\" content=\"2025-01-21T11:59:52+00:00\" \/>\n<meta property=\"og:image\" content=\"https:\/\/new.bjc.ro\/wp-content\/uploads\/2023\/01\/IMG_5597-1.jpg\" \/>\n\t<meta property=\"og:image:width\" content=\"2000\" \/>\n\t<meta property=\"og:image:height\" content=\"1333\" \/>\n\t<meta property=\"og:image:type\" content=\"image\/jpeg\" \/>\n<meta name=\"author\" content=\"Anca Docolin\" \/>\n<meta name=\"twitter:card\" content=\"summary_large_image\" \/>\n<meta name=\"twitter:creator\" content=\"@BibliotecaGoga\" \/>\n<meta name=\"twitter:site\" content=\"@BibliotecaGoga\" \/>\n<meta name=\"twitter:label1\" content=\"Scris de\" \/>\n\t<meta name=\"twitter:data1\" content=\"Anca Docolin\" \/>\n\t<meta name=\"twitter:label2\" content=\"Timp estimat pentru citire\" \/>\n\t<meta name=\"twitter:data2\" content=\"1 minut\" \/>\n<script type=\"application\/ld+json\" class=\"yoast-schema-graph\">{\"@context\":\"https:\/\/schema.org\",\"@graph\":[{\"@type\":\"Article\",\"@id\":\"https:\/\/new.bjc.ro\/?p=10058#article\",\"isPartOf\":{\"@id\":\"https:\/\/new.bjc.ro\/?p=10058\"},\"author\":{\"name\":\"Anca Docolin\",\"@id\":\"https:\/\/new.bjc.ro\/#\/schema\/person\/660b9e87eeb0d9945f8af75e9001ca7b\"},\"headline\":\"\u00cen amintirea istoricului literar Gy\u00f6rgy Lajos (1890-1950)\",\"datePublished\":\"2025-01-17T11:13:22+00:00\",\"dateModified\":\"2025-01-21T11:59:52+00:00\",\"mainEntityOfPage\":{\"@id\":\"https:\/\/new.bjc.ro\/?p=10058\"},\"wordCount\":204,\"publisher\":{\"@id\":\"https:\/\/new.bjc.ro\/#organization\"},\"articleSection\":[\"Istorie local\u0103\"],\"inLanguage\":\"ro-RO\"},{\"@type\":\"WebPage\",\"@id\":\"https:\/\/new.bjc.ro\/?p=10058\",\"url\":\"https:\/\/new.bjc.ro\/?p=10058\",\"name\":\"\u00cen amintirea istoricului literar Gy\u00f6rgy Lajos (1890-1950) - Biblioteca Jude\u021bean\u0103 \u201eOctavian Goga\u201d Cluj\",\"isPartOf\":{\"@id\":\"https:\/\/new.bjc.ro\/#website\"},\"datePublished\":\"2025-01-17T11:13:22+00:00\",\"dateModified\":\"2025-01-21T11:59:52+00:00\",\"breadcrumb\":{\"@id\":\"https:\/\/new.bjc.ro\/?p=10058#breadcrumb\"},\"inLanguage\":\"ro-RO\",\"potentialAction\":[{\"@type\":\"ReadAction\",\"target\":[\"https:\/\/new.bjc.ro\/?p=10058\"]}]},{\"@type\":\"BreadcrumbList\",\"@id\":\"https:\/\/new.bjc.ro\/?p=10058#breadcrumb\",\"itemListElement\":[{\"@type\":\"ListItem\",\"position\":1,\"name\":\"Home\",\"item\":\"https:\/\/new.bjc.ro\/\"},{\"@type\":\"ListItem\",\"position\":2,\"name\":\"\u00cen amintirea istoricului literar Gy\u00f6rgy Lajos (1890-1950)\"}]},{\"@type\":\"WebSite\",\"@id\":\"https:\/\/new.bjc.ro\/#website\",\"url\":\"https:\/\/new.bjc.ro\/\",\"name\":\"Biblioteca Jude\u021bean\u0103 \u201eOctavian Goga\u201d Cluj\",\"description\":\"\",\"publisher\":{\"@id\":\"https:\/\/new.bjc.ro\/#organization\"},\"alternateName\":\"Biblioteca Jude\u021bean\u0103 Cluj\",\"potentialAction\":[{\"@type\":\"SearchAction\",\"target\":{\"@type\":\"EntryPoint\",\"urlTemplate\":\"https:\/\/new.bjc.ro\/?s={search_term_string}\"},\"query-input\":{\"@type\":\"PropertyValueSpecification\",\"valueRequired\":true,\"valueName\":\"search_term_string\"}}],\"inLanguage\":\"ro-RO\"},{\"@type\":\"Organization\",\"@id\":\"https:\/\/new.bjc.ro\/#organization\",\"name\":\"Biblioteca Jude\u021bean\u0103 \u201eOctavian Goga\u201d Cluj\",\"url\":\"https:\/\/new.bjc.ro\/\",\"logo\":{\"@type\":\"ImageObject\",\"inLanguage\":\"ro-RO\",\"@id\":\"https:\/\/new.bjc.ro\/#\/schema\/logo\/image\/\",\"url\":\"https:\/\/new.bjc.ro\/wp-content\/uploads\/2023\/03\/sigle.jpg\",\"contentUrl\":\"https:\/\/new.bjc.ro\/wp-content\/uploads\/2023\/03\/sigle.jpg\",\"width\":630,\"height\":473,\"caption\":\"Biblioteca Jude\u021bean\u0103 \u201eOctavian Goga\u201d Cluj\"},\"image\":{\"@id\":\"https:\/\/new.bjc.ro\/#\/schema\/logo\/image\/\"},\"sameAs\":[\"https:\/\/www.facebook.com\/bibliotecacluj\/\",\"https:\/\/x.com\/BibliotecaGoga\",\"https:\/\/www.instagram.com\/biblioteca_judeteana_cluj\/\",\"https:\/\/www.youtube.com\/user\/BibliotecaGoga\"]},{\"@type\":\"Person\",\"@id\":\"https:\/\/new.bjc.ro\/#\/schema\/person\/660b9e87eeb0d9945f8af75e9001ca7b\",\"name\":\"Anca Docolin\",\"image\":{\"@type\":\"ImageObject\",\"inLanguage\":\"ro-RO\",\"@id\":\"https:\/\/new.bjc.ro\/#\/schema\/person\/image\/\",\"url\":\"https:\/\/secure.gravatar.com\/avatar\/342e09fc7bc252bad066d9f96304145d672ba2931d5b7a6f54d7da8d62fb7be1?s=96&d=mm&r=g\",\"contentUrl\":\"https:\/\/secure.gravatar.com\/avatar\/342e09fc7bc252bad066d9f96304145d672ba2931d5b7a6f54d7da8d62fb7be1?s=96&d=mm&r=g\",\"caption\":\"Anca Docolin\"},\"url\":\"https:\/\/new.bjc.ro\/?author=3\"}]}<\/script>\n<!-- \/ Yoast SEO plugin. -->","yoast_head_json":{"title":"\u00cen amintirea istoricului literar Gy\u00f6rgy Lajos (1890-1950) - Biblioteca Jude\u021bean\u0103 \u201eOctavian Goga\u201d Cluj","robots":{"index":"index","follow":"follow","max-snippet":"max-snippet:-1","max-image-preview":"max-image-preview:large","max-video-preview":"max-video-preview:-1"},"canonical":"https:\/\/new.bjc.ro\/?p=10058","og_locale":"ro_RO","og_type":"article","og_title":"\u00cen amintirea istoricului literar Gy\u00f6rgy Lajos (1890-1950) - Biblioteca Jude\u021bean\u0103 \u201eOctavian Goga\u201d Cluj","og_description":"Horv\u00e1th Csaba Datorit\u0103 importan\u021bei sale politico-economice \u0219i a pozi\u021biei geografice, Clujul a atras nenum\u0103rate persoane care \u0219i-au desf\u0103\u0219urat activitatea \u00een aceast\u0103 urbe. Dintre ace\u0219tia, unii s-au stabilit \u00een ora\u0219, \u00een timp ce al\u021bii au tr\u0103it aici numai o perioad\u0103 limitat\u0103 de timp. Printre cei dint\u00e2i se num\u0103r\u0103 istoricul literar, profesorul&hellip; Cite\u0219te mai mult","og_url":"https:\/\/new.bjc.ro\/?p=10058","og_site_name":"Biblioteca Jude\u021bean\u0103 \u201eOctavian Goga\u201d Cluj","article_publisher":"https:\/\/www.facebook.com\/bibliotecacluj\/","article_published_time":"2025-01-17T11:13:22+00:00","article_modified_time":"2025-01-21T11:59:52+00:00","og_image":[{"width":2000,"height":1333,"url":"https:\/\/new.bjc.ro\/wp-content\/uploads\/2023\/01\/IMG_5597-1.jpg","type":"image\/jpeg"}],"author":"Anca Docolin","twitter_card":"summary_large_image","twitter_creator":"@BibliotecaGoga","twitter_site":"@BibliotecaGoga","twitter_misc":{"Scris de":"Anca Docolin","Timp estimat pentru citire":"1 minut"},"schema":{"@context":"https:\/\/schema.org","@graph":[{"@type":"Article","@id":"https:\/\/new.bjc.ro\/?p=10058#article","isPartOf":{"@id":"https:\/\/new.bjc.ro\/?p=10058"},"author":{"name":"Anca Docolin","@id":"https:\/\/new.bjc.ro\/#\/schema\/person\/660b9e87eeb0d9945f8af75e9001ca7b"},"headline":"\u00cen amintirea istoricului literar Gy\u00f6rgy Lajos (1890-1950)","datePublished":"2025-01-17T11:13:22+00:00","dateModified":"2025-01-21T11:59:52+00:00","mainEntityOfPage":{"@id":"https:\/\/new.bjc.ro\/?p=10058"},"wordCount":204,"publisher":{"@id":"https:\/\/new.bjc.ro\/#organization"},"articleSection":["Istorie local\u0103"],"inLanguage":"ro-RO"},{"@type":"WebPage","@id":"https:\/\/new.bjc.ro\/?p=10058","url":"https:\/\/new.bjc.ro\/?p=10058","name":"\u00cen amintirea istoricului literar Gy\u00f6rgy Lajos (1890-1950) - Biblioteca Jude\u021bean\u0103 \u201eOctavian Goga\u201d Cluj","isPartOf":{"@id":"https:\/\/new.bjc.ro\/#website"},"datePublished":"2025-01-17T11:13:22+00:00","dateModified":"2025-01-21T11:59:52+00:00","breadcrumb":{"@id":"https:\/\/new.bjc.ro\/?p=10058#breadcrumb"},"inLanguage":"ro-RO","potentialAction":[{"@type":"ReadAction","target":["https:\/\/new.bjc.ro\/?p=10058"]}]},{"@type":"BreadcrumbList","@id":"https:\/\/new.bjc.ro\/?p=10058#breadcrumb","itemListElement":[{"@type":"ListItem","position":1,"name":"Home","item":"https:\/\/new.bjc.ro\/"},{"@type":"ListItem","position":2,"name":"\u00cen amintirea istoricului literar Gy\u00f6rgy Lajos (1890-1950)"}]},{"@type":"WebSite","@id":"https:\/\/new.bjc.ro\/#website","url":"https:\/\/new.bjc.ro\/","name":"Biblioteca Jude\u021bean\u0103 \u201eOctavian Goga\u201d Cluj","description":"","publisher":{"@id":"https:\/\/new.bjc.ro\/#organization"},"alternateName":"Biblioteca Jude\u021bean\u0103 Cluj","potentialAction":[{"@type":"SearchAction","target":{"@type":"EntryPoint","urlTemplate":"https:\/\/new.bjc.ro\/?s={search_term_string}"},"query-input":{"@type":"PropertyValueSpecification","valueRequired":true,"valueName":"search_term_string"}}],"inLanguage":"ro-RO"},{"@type":"Organization","@id":"https:\/\/new.bjc.ro\/#organization","name":"Biblioteca Jude\u021bean\u0103 \u201eOctavian Goga\u201d Cluj","url":"https:\/\/new.bjc.ro\/","logo":{"@type":"ImageObject","inLanguage":"ro-RO","@id":"https:\/\/new.bjc.ro\/#\/schema\/logo\/image\/","url":"https:\/\/new.bjc.ro\/wp-content\/uploads\/2023\/03\/sigle.jpg","contentUrl":"https:\/\/new.bjc.ro\/wp-content\/uploads\/2023\/03\/sigle.jpg","width":630,"height":473,"caption":"Biblioteca Jude\u021bean\u0103 \u201eOctavian Goga\u201d Cluj"},"image":{"@id":"https:\/\/new.bjc.ro\/#\/schema\/logo\/image\/"},"sameAs":["https:\/\/www.facebook.com\/bibliotecacluj\/","https:\/\/x.com\/BibliotecaGoga","https:\/\/www.instagram.com\/biblioteca_judeteana_cluj\/","https:\/\/www.youtube.com\/user\/BibliotecaGoga"]},{"@type":"Person","@id":"https:\/\/new.bjc.ro\/#\/schema\/person\/660b9e87eeb0d9945f8af75e9001ca7b","name":"Anca Docolin","image":{"@type":"ImageObject","inLanguage":"ro-RO","@id":"https:\/\/new.bjc.ro\/#\/schema\/person\/image\/","url":"https:\/\/secure.gravatar.com\/avatar\/342e09fc7bc252bad066d9f96304145d672ba2931d5b7a6f54d7da8d62fb7be1?s=96&d=mm&r=g","contentUrl":"https:\/\/secure.gravatar.com\/avatar\/342e09fc7bc252bad066d9f96304145d672ba2931d5b7a6f54d7da8d62fb7be1?s=96&d=mm&r=g","caption":"Anca Docolin"},"url":"https:\/\/new.bjc.ro\/?author=3"}]}},"_links":{"self":[{"href":"https:\/\/new.bjc.ro\/index.php?rest_route=\/wp\/v2\/posts\/10058","targetHints":{"allow":["GET"]}}],"collection":[{"href":"https:\/\/new.bjc.ro\/index.php?rest_route=\/wp\/v2\/posts"}],"about":[{"href":"https:\/\/new.bjc.ro\/index.php?rest_route=\/wp\/v2\/types\/post"}],"author":[{"embeddable":true,"href":"https:\/\/new.bjc.ro\/index.php?rest_route=\/wp\/v2\/users\/3"}],"replies":[{"embeddable":true,"href":"https:\/\/new.bjc.ro\/index.php?rest_route=%2Fwp%2Fv2%2Fcomments&post=10058"}],"version-history":[{"count":3,"href":"https:\/\/new.bjc.ro\/index.php?rest_route=\/wp\/v2\/posts\/10058\/revisions"}],"predecessor-version":[{"id":10185,"href":"https:\/\/new.bjc.ro\/index.php?rest_route=\/wp\/v2\/posts\/10058\/revisions\/10185"}],"wp:attachment":[{"href":"https:\/\/new.bjc.ro\/index.php?rest_route=%2Fwp%2Fv2%2Fmedia&parent=10058"}],"wp:term":[{"taxonomy":"category","embeddable":true,"href":"https:\/\/new.bjc.ro\/index.php?rest_route=%2Fwp%2Fv2%2Fcategories&post=10058"},{"taxonomy":"post_tag","embeddable":true,"href":"https:\/\/new.bjc.ro\/index.php?rest_route=%2Fwp%2Fv2%2Ftags&post=10058"}],"curies":[{"name":"wp","href":"https:\/\/api.w.org\/{rel}","templated":true}]}}