{"id":10062,"date":"2025-01-17T13:17:21","date_gmt":"2025-01-17T11:17:21","guid":{"rendered":"https:\/\/new.bjc.ro\/?p=10062"},"modified":"2025-03-06T12:09:47","modified_gmt":"2025-03-06T10:09:47","slug":"conditia-studentelor-de-la-universitatea-din-cluj-in-perioada-interbelica-studiu-de-caz-ancheta-de-psihologie-sociala-publicata-de-viorica-pintiliescu-in-anul-1937","status":"publish","type":"post","link":"https:\/\/new.bjc.ro\/?p=10062","title":{"rendered":"Condi\u021bia studentelor de la Universitatea din Cluj \u00een perioada interbelic\u0103. Studiu de caz: ancheta de psihologie social\u0103 publicat\u0103 de Viorica Pintiliescu \u00een anul 1937"},"content":{"rendered":"<p style=\"text-align: left;\"><strong>Claudia Septimia Sab\u0103u<\/strong><\/p>\n<p style=\"text-align: left;\">\u00cen anul 1937 ap\u0103rea, la Cluj, o carte unicat \u00een peisajul publica\u021biilor \u0219tiin\u021bifice rom\u00e2ne\u0219ti de p\u00e2n\u0103 la aceea dat\u0103, semnat\u0103 de Viorica Pintiliescu, \u201eAspecte din viea\u021ba studentelor (\u00cencercarea unei anchete de psihologie social\u0103)\u201d. Volumul publica rezultatele unei anchete de psihologie social\u0103 ini\u021biat\u0103 \u00een anul 1933, \u00een r\u00e2ndul studentelor Universit\u0103\u021bii din Cluj, sub coordonarea Institutului de Psihologie Experimental\u0103, Comparat\u0103 \u0219i Aplicat\u0103, condus de profesorul Florian \u0218tef\u0103nescu-Goang\u0103. Prelucrarea \u0219i interpretarea materialului a revenit exclusiv autoarei.<\/p>\n<p style=\"text-align: left;\">La mai bine de 8 decenii dup\u0103 aceast\u0103 apari\u021bie, \u00een timpul desf\u0103\u0219ur\u0103rii unei cercet\u0103ri dedicate \u00eenfiin\u021b\u0103rii primului c\u0103min pentru studente al Universit\u0103\u021bii din Cluj, o \u00eent\u00e2mplare fericit\u0103 m-a f\u0103cut s\u0103 descop\u0103r aceast\u0103 lucrare. Lectura ei mi-a deschis un nou \u0219antier de cercetare, dedicat analiz\u0103rii condi\u021biei studentelor de la Cluj, din perioada interbelic\u0103, pe baza materialului documentar cuprins \u00een volum \u0219i, \u00een acela\u0219i timp, m-a pus \u0219i \u00een fa\u021ba unei mari provoc\u0103ri, aflarea unui r\u0103spuns la \u00eentrebarea: cine a fost Viorica Pintiliescu?<\/p>\n<p style=\"text-align: left;\"><a href=\"https:\/\/new.bjc.ro\/wp-content\/uploads\/2025\/01\/105-117_ClaudiaSabau-2.pdf\">\u00centreg articolul<\/a><\/p>\n<p><a href=\"#_ftnref1\" name=\"_ftn1\"><\/a><\/p>\n","protected":false},"excerpt":{"rendered":"<p>Claudia Septimia Sab\u0103u \u00cen anul 1937 ap\u0103rea, la Cluj, o carte unicat \u00een peisajul publica\u021biilor \u0219tiin\u021bifice rom\u00e2ne\u0219ti de p\u00e2n\u0103 la aceea dat\u0103, semnat\u0103 de Viorica Pintiliescu, \u201eAspecte din viea\u021ba studentelor (\u00cencercarea unei anchete de psihologie social\u0103)\u201d. Volumul publica rezultatele unei anchete de psihologie social\u0103 ini\u021biat\u0103 \u00een anul 1933, \u00een r\u00e2ndul&hellip; <br \/> <a class=\"read-more\" href=\"https:\/\/new.bjc.ro\/?p=10062\">Cite\u0219te mai mult<\/a><\/p>\n","protected":false},"author":3,"featured_media":0,"comment_status":"closed","ping_status":"open","sticky":false,"template":"","format":"standard","meta":{"_monsterinsights_skip_tracking":false,"_monsterinsights_sitenote_active":false,"_monsterinsights_sitenote_note":"","_monsterinsights_sitenote_category":0,"_EventAllDay":false,"_EventTimezone":"","_EventStartDate":"","_EventEndDate":"","_EventStartDateUTC":"","_EventEndDateUTC":"","_EventShowMap":false,"_EventShowMapLink":false,"_EventURL":"","_EventCost":"","_EventCostDescription":"","_EventCurrencySymbol":"","_EventCurrencyCode":"","_EventCurrencyPosition":"","_EventDateTimeSeparator":"","_EventTimeRangeSeparator":"","_EventOrganizerID":[],"_EventVenueID":[],"_OrganizerEmail":"","_OrganizerPhone":"","_OrganizerWebsite":"","_VenueAddress":"","_VenueCity":"","_VenueCountry":"","_VenueProvince":"","_VenueState":"","_VenueZip":"","_VenuePhone":"","_VenueURL":"","_VenueStateProvince":"","_VenueLat":"","_VenueLng":"","_VenueShowMap":false,"_VenueShowMapLink":false,"footnotes":""},"categories":[79],"tags":[],"class_list":["post-10062","post","type-post","status-publish","format-standard","hentry","category-istorie-locala"],"gutentor_comment":0,"yoast_head":"<!-- This site is optimized with the Yoast SEO plugin v24.6 - https:\/\/yoast.com\/wordpress\/plugins\/seo\/ -->\n<title>Condi\u021bia studentelor de la Universitatea din Cluj \u00een perioada interbelic\u0103. Studiu de caz: ancheta de psihologie social\u0103 publicat\u0103 de Viorica Pintiliescu \u00een anul 1937 - Biblioteca Jude\u021bean\u0103 \u201eOctavian Goga\u201d Cluj<\/title>\n<meta name=\"robots\" content=\"index, follow, max-snippet:-1, max-image-preview:large, max-video-preview:-1\" \/>\n<link rel=\"canonical\" href=\"https:\/\/new.bjc.ro\/?p=10062\" \/>\n<meta property=\"og:locale\" content=\"ro_RO\" \/>\n<meta property=\"og:type\" content=\"article\" \/>\n<meta property=\"og:title\" content=\"Condi\u021bia studentelor de la Universitatea din Cluj \u00een perioada interbelic\u0103. Studiu de caz: ancheta de psihologie social\u0103 publicat\u0103 de Viorica Pintiliescu \u00een anul 1937 - Biblioteca Jude\u021bean\u0103 \u201eOctavian Goga\u201d Cluj\" \/>\n<meta property=\"og:description\" content=\"Claudia Septimia Sab\u0103u \u00cen anul 1937 ap\u0103rea, la Cluj, o carte unicat \u00een peisajul publica\u021biilor \u0219tiin\u021bifice rom\u00e2ne\u0219ti de p\u00e2n\u0103 la aceea dat\u0103, semnat\u0103 de Viorica Pintiliescu, \u201eAspecte din viea\u021ba studentelor (\u00cencercarea unei anchete de psihologie social\u0103)\u201d. Volumul publica rezultatele unei anchete de psihologie social\u0103 ini\u021biat\u0103 \u00een anul 1933, \u00een r\u00e2ndul&hellip; Cite\u0219te mai mult\" \/>\n<meta property=\"og:url\" content=\"https:\/\/new.bjc.ro\/?p=10062\" \/>\n<meta property=\"og:site_name\" content=\"Biblioteca Jude\u021bean\u0103 \u201eOctavian Goga\u201d Cluj\" \/>\n<meta property=\"article:publisher\" content=\"https:\/\/www.facebook.com\/bibliotecacluj\/\" \/>\n<meta property=\"article:published_time\" content=\"2025-01-17T11:17:21+00:00\" \/>\n<meta property=\"article:modified_time\" content=\"2025-03-06T10:09:47+00:00\" \/>\n<meta property=\"og:image\" content=\"https:\/\/new.bjc.ro\/wp-content\/uploads\/2023\/01\/IMG_5597-1.jpg\" \/>\n\t<meta property=\"og:image:width\" content=\"2000\" \/>\n\t<meta property=\"og:image:height\" content=\"1333\" \/>\n\t<meta property=\"og:image:type\" content=\"image\/jpeg\" \/>\n<meta name=\"author\" content=\"Anca Docolin\" \/>\n<meta name=\"twitter:card\" content=\"summary_large_image\" \/>\n<meta name=\"twitter:creator\" content=\"@BibliotecaGoga\" \/>\n<meta name=\"twitter:site\" content=\"@BibliotecaGoga\" \/>\n<meta name=\"twitter:label1\" content=\"Scris de\" \/>\n\t<meta name=\"twitter:data1\" content=\"Anca Docolin\" \/>\n\t<meta name=\"twitter:label2\" content=\"Timp estimat pentru citire\" \/>\n\t<meta name=\"twitter:data2\" content=\"1 minut\" \/>\n<script type=\"application\/ld+json\" class=\"yoast-schema-graph\">{\"@context\":\"https:\/\/schema.org\",\"@graph\":[{\"@type\":\"Article\",\"@id\":\"https:\/\/new.bjc.ro\/?p=10062#article\",\"isPartOf\":{\"@id\":\"https:\/\/new.bjc.ro\/?p=10062\"},\"author\":{\"name\":\"Anca Docolin\",\"@id\":\"https:\/\/new.bjc.ro\/#\/schema\/person\/660b9e87eeb0d9945f8af75e9001ca7b\"},\"headline\":\"Condi\u021bia studentelor de la Universitatea din Cluj \u00een perioada interbelic\u0103. Studiu de caz: ancheta de psihologie social\u0103 publicat\u0103 de Viorica Pintiliescu \u00een anul 1937\",\"datePublished\":\"2025-01-17T11:17:21+00:00\",\"dateModified\":\"2025-03-06T10:09:47+00:00\",\"mainEntityOfPage\":{\"@id\":\"https:\/\/new.bjc.ro\/?p=10062\"},\"wordCount\":208,\"publisher\":{\"@id\":\"https:\/\/new.bjc.ro\/#organization\"},\"articleSection\":[\"Istorie local\u0103\"],\"inLanguage\":\"ro-RO\"},{\"@type\":\"WebPage\",\"@id\":\"https:\/\/new.bjc.ro\/?p=10062\",\"url\":\"https:\/\/new.bjc.ro\/?p=10062\",\"name\":\"Condi\u021bia studentelor de la Universitatea din Cluj \u00een perioada interbelic\u0103. Studiu de caz: ancheta de psihologie social\u0103 publicat\u0103 de Viorica Pintiliescu \u00een anul 1937 - Biblioteca Jude\u021bean\u0103 \u201eOctavian Goga\u201d Cluj\",\"isPartOf\":{\"@id\":\"https:\/\/new.bjc.ro\/#website\"},\"datePublished\":\"2025-01-17T11:17:21+00:00\",\"dateModified\":\"2025-03-06T10:09:47+00:00\",\"breadcrumb\":{\"@id\":\"https:\/\/new.bjc.ro\/?p=10062#breadcrumb\"},\"inLanguage\":\"ro-RO\",\"potentialAction\":[{\"@type\":\"ReadAction\",\"target\":[\"https:\/\/new.bjc.ro\/?p=10062\"]}]},{\"@type\":\"BreadcrumbList\",\"@id\":\"https:\/\/new.bjc.ro\/?p=10062#breadcrumb\",\"itemListElement\":[{\"@type\":\"ListItem\",\"position\":1,\"name\":\"Home\",\"item\":\"https:\/\/new.bjc.ro\/\"},{\"@type\":\"ListItem\",\"position\":2,\"name\":\"Condi\u021bia studentelor de la Universitatea din Cluj \u00een perioada interbelic\u0103. Studiu de caz: ancheta de psihologie social\u0103 publicat\u0103 de Viorica Pintiliescu \u00een anul 1937\"}]},{\"@type\":\"WebSite\",\"@id\":\"https:\/\/new.bjc.ro\/#website\",\"url\":\"https:\/\/new.bjc.ro\/\",\"name\":\"Biblioteca Jude\u021bean\u0103 \u201eOctavian Goga\u201d Cluj\",\"description\":\"\",\"publisher\":{\"@id\":\"https:\/\/new.bjc.ro\/#organization\"},\"alternateName\":\"Biblioteca Jude\u021bean\u0103 Cluj\",\"potentialAction\":[{\"@type\":\"SearchAction\",\"target\":{\"@type\":\"EntryPoint\",\"urlTemplate\":\"https:\/\/new.bjc.ro\/?s={search_term_string}\"},\"query-input\":{\"@type\":\"PropertyValueSpecification\",\"valueRequired\":true,\"valueName\":\"search_term_string\"}}],\"inLanguage\":\"ro-RO\"},{\"@type\":\"Organization\",\"@id\":\"https:\/\/new.bjc.ro\/#organization\",\"name\":\"Biblioteca Jude\u021bean\u0103 \u201eOctavian Goga\u201d Cluj\",\"url\":\"https:\/\/new.bjc.ro\/\",\"logo\":{\"@type\":\"ImageObject\",\"inLanguage\":\"ro-RO\",\"@id\":\"https:\/\/new.bjc.ro\/#\/schema\/logo\/image\/\",\"url\":\"https:\/\/new.bjc.ro\/wp-content\/uploads\/2023\/03\/sigle.jpg\",\"contentUrl\":\"https:\/\/new.bjc.ro\/wp-content\/uploads\/2023\/03\/sigle.jpg\",\"width\":630,\"height\":473,\"caption\":\"Biblioteca Jude\u021bean\u0103 \u201eOctavian Goga\u201d Cluj\"},\"image\":{\"@id\":\"https:\/\/new.bjc.ro\/#\/schema\/logo\/image\/\"},\"sameAs\":[\"https:\/\/www.facebook.com\/bibliotecacluj\/\",\"https:\/\/x.com\/BibliotecaGoga\",\"https:\/\/www.instagram.com\/biblioteca_judeteana_cluj\/\",\"https:\/\/www.youtube.com\/user\/BibliotecaGoga\"]},{\"@type\":\"Person\",\"@id\":\"https:\/\/new.bjc.ro\/#\/schema\/person\/660b9e87eeb0d9945f8af75e9001ca7b\",\"name\":\"Anca Docolin\",\"image\":{\"@type\":\"ImageObject\",\"inLanguage\":\"ro-RO\",\"@id\":\"https:\/\/new.bjc.ro\/#\/schema\/person\/image\/\",\"url\":\"https:\/\/secure.gravatar.com\/avatar\/342e09fc7bc252bad066d9f96304145d672ba2931d5b7a6f54d7da8d62fb7be1?s=96&d=mm&r=g\",\"contentUrl\":\"https:\/\/secure.gravatar.com\/avatar\/342e09fc7bc252bad066d9f96304145d672ba2931d5b7a6f54d7da8d62fb7be1?s=96&d=mm&r=g\",\"caption\":\"Anca Docolin\"},\"url\":\"https:\/\/new.bjc.ro\/?author=3\"}]}<\/script>\n<!-- \/ Yoast SEO plugin. -->","yoast_head_json":{"title":"Condi\u021bia studentelor de la Universitatea din Cluj \u00een perioada interbelic\u0103. Studiu de caz: ancheta de psihologie social\u0103 publicat\u0103 de Viorica Pintiliescu \u00een anul 1937 - Biblioteca Jude\u021bean\u0103 \u201eOctavian Goga\u201d Cluj","robots":{"index":"index","follow":"follow","max-snippet":"max-snippet:-1","max-image-preview":"max-image-preview:large","max-video-preview":"max-video-preview:-1"},"canonical":"https:\/\/new.bjc.ro\/?p=10062","og_locale":"ro_RO","og_type":"article","og_title":"Condi\u021bia studentelor de la Universitatea din Cluj \u00een perioada interbelic\u0103. Studiu de caz: ancheta de psihologie social\u0103 publicat\u0103 de Viorica Pintiliescu \u00een anul 1937 - Biblioteca Jude\u021bean\u0103 \u201eOctavian Goga\u201d Cluj","og_description":"Claudia Septimia Sab\u0103u \u00cen anul 1937 ap\u0103rea, la Cluj, o carte unicat \u00een peisajul publica\u021biilor \u0219tiin\u021bifice rom\u00e2ne\u0219ti de p\u00e2n\u0103 la aceea dat\u0103, semnat\u0103 de Viorica Pintiliescu, \u201eAspecte din viea\u021ba studentelor (\u00cencercarea unei anchete de psihologie social\u0103)\u201d. Volumul publica rezultatele unei anchete de psihologie social\u0103 ini\u021biat\u0103 \u00een anul 1933, \u00een r\u00e2ndul&hellip; Cite\u0219te mai mult","og_url":"https:\/\/new.bjc.ro\/?p=10062","og_site_name":"Biblioteca Jude\u021bean\u0103 \u201eOctavian Goga\u201d Cluj","article_publisher":"https:\/\/www.facebook.com\/bibliotecacluj\/","article_published_time":"2025-01-17T11:17:21+00:00","article_modified_time":"2025-03-06T10:09:47+00:00","og_image":[{"width":2000,"height":1333,"url":"https:\/\/new.bjc.ro\/wp-content\/uploads\/2023\/01\/IMG_5597-1.jpg","type":"image\/jpeg"}],"author":"Anca Docolin","twitter_card":"summary_large_image","twitter_creator":"@BibliotecaGoga","twitter_site":"@BibliotecaGoga","twitter_misc":{"Scris de":"Anca Docolin","Timp estimat pentru citire":"1 minut"},"schema":{"@context":"https:\/\/schema.org","@graph":[{"@type":"Article","@id":"https:\/\/new.bjc.ro\/?p=10062#article","isPartOf":{"@id":"https:\/\/new.bjc.ro\/?p=10062"},"author":{"name":"Anca Docolin","@id":"https:\/\/new.bjc.ro\/#\/schema\/person\/660b9e87eeb0d9945f8af75e9001ca7b"},"headline":"Condi\u021bia studentelor de la Universitatea din Cluj \u00een perioada interbelic\u0103. Studiu de caz: ancheta de psihologie social\u0103 publicat\u0103 de Viorica Pintiliescu \u00een anul 1937","datePublished":"2025-01-17T11:17:21+00:00","dateModified":"2025-03-06T10:09:47+00:00","mainEntityOfPage":{"@id":"https:\/\/new.bjc.ro\/?p=10062"},"wordCount":208,"publisher":{"@id":"https:\/\/new.bjc.ro\/#organization"},"articleSection":["Istorie local\u0103"],"inLanguage":"ro-RO"},{"@type":"WebPage","@id":"https:\/\/new.bjc.ro\/?p=10062","url":"https:\/\/new.bjc.ro\/?p=10062","name":"Condi\u021bia studentelor de la Universitatea din Cluj \u00een perioada interbelic\u0103. Studiu de caz: ancheta de psihologie social\u0103 publicat\u0103 de Viorica Pintiliescu \u00een anul 1937 - Biblioteca Jude\u021bean\u0103 \u201eOctavian Goga\u201d Cluj","isPartOf":{"@id":"https:\/\/new.bjc.ro\/#website"},"datePublished":"2025-01-17T11:17:21+00:00","dateModified":"2025-03-06T10:09:47+00:00","breadcrumb":{"@id":"https:\/\/new.bjc.ro\/?p=10062#breadcrumb"},"inLanguage":"ro-RO","potentialAction":[{"@type":"ReadAction","target":["https:\/\/new.bjc.ro\/?p=10062"]}]},{"@type":"BreadcrumbList","@id":"https:\/\/new.bjc.ro\/?p=10062#breadcrumb","itemListElement":[{"@type":"ListItem","position":1,"name":"Home","item":"https:\/\/new.bjc.ro\/"},{"@type":"ListItem","position":2,"name":"Condi\u021bia studentelor de la Universitatea din Cluj \u00een perioada interbelic\u0103. Studiu de caz: ancheta de psihologie social\u0103 publicat\u0103 de Viorica Pintiliescu \u00een anul 1937"}]},{"@type":"WebSite","@id":"https:\/\/new.bjc.ro\/#website","url":"https:\/\/new.bjc.ro\/","name":"Biblioteca Jude\u021bean\u0103 \u201eOctavian Goga\u201d Cluj","description":"","publisher":{"@id":"https:\/\/new.bjc.ro\/#organization"},"alternateName":"Biblioteca Jude\u021bean\u0103 Cluj","potentialAction":[{"@type":"SearchAction","target":{"@type":"EntryPoint","urlTemplate":"https:\/\/new.bjc.ro\/?s={search_term_string}"},"query-input":{"@type":"PropertyValueSpecification","valueRequired":true,"valueName":"search_term_string"}}],"inLanguage":"ro-RO"},{"@type":"Organization","@id":"https:\/\/new.bjc.ro\/#organization","name":"Biblioteca Jude\u021bean\u0103 \u201eOctavian Goga\u201d Cluj","url":"https:\/\/new.bjc.ro\/","logo":{"@type":"ImageObject","inLanguage":"ro-RO","@id":"https:\/\/new.bjc.ro\/#\/schema\/logo\/image\/","url":"https:\/\/new.bjc.ro\/wp-content\/uploads\/2023\/03\/sigle.jpg","contentUrl":"https:\/\/new.bjc.ro\/wp-content\/uploads\/2023\/03\/sigle.jpg","width":630,"height":473,"caption":"Biblioteca Jude\u021bean\u0103 \u201eOctavian Goga\u201d Cluj"},"image":{"@id":"https:\/\/new.bjc.ro\/#\/schema\/logo\/image\/"},"sameAs":["https:\/\/www.facebook.com\/bibliotecacluj\/","https:\/\/x.com\/BibliotecaGoga","https:\/\/www.instagram.com\/biblioteca_judeteana_cluj\/","https:\/\/www.youtube.com\/user\/BibliotecaGoga"]},{"@type":"Person","@id":"https:\/\/new.bjc.ro\/#\/schema\/person\/660b9e87eeb0d9945f8af75e9001ca7b","name":"Anca Docolin","image":{"@type":"ImageObject","inLanguage":"ro-RO","@id":"https:\/\/new.bjc.ro\/#\/schema\/person\/image\/","url":"https:\/\/secure.gravatar.com\/avatar\/342e09fc7bc252bad066d9f96304145d672ba2931d5b7a6f54d7da8d62fb7be1?s=96&d=mm&r=g","contentUrl":"https:\/\/secure.gravatar.com\/avatar\/342e09fc7bc252bad066d9f96304145d672ba2931d5b7a6f54d7da8d62fb7be1?s=96&d=mm&r=g","caption":"Anca Docolin"},"url":"https:\/\/new.bjc.ro\/?author=3"}]}},"_links":{"self":[{"href":"https:\/\/new.bjc.ro\/index.php?rest_route=\/wp\/v2\/posts\/10062","targetHints":{"allow":["GET"]}}],"collection":[{"href":"https:\/\/new.bjc.ro\/index.php?rest_route=\/wp\/v2\/posts"}],"about":[{"href":"https:\/\/new.bjc.ro\/index.php?rest_route=\/wp\/v2\/types\/post"}],"author":[{"embeddable":true,"href":"https:\/\/new.bjc.ro\/index.php?rest_route=\/wp\/v2\/users\/3"}],"replies":[{"embeddable":true,"href":"https:\/\/new.bjc.ro\/index.php?rest_route=%2Fwp%2Fv2%2Fcomments&post=10062"}],"version-history":[{"count":9,"href":"https:\/\/new.bjc.ro\/index.php?rest_route=\/wp\/v2\/posts\/10062\/revisions"}],"predecessor-version":[{"id":10432,"href":"https:\/\/new.bjc.ro\/index.php?rest_route=\/wp\/v2\/posts\/10062\/revisions\/10432"}],"wp:attachment":[{"href":"https:\/\/new.bjc.ro\/index.php?rest_route=%2Fwp%2Fv2%2Fmedia&parent=10062"}],"wp:term":[{"taxonomy":"category","embeddable":true,"href":"https:\/\/new.bjc.ro\/index.php?rest_route=%2Fwp%2Fv2%2Fcategories&post=10062"},{"taxonomy":"post_tag","embeddable":true,"href":"https:\/\/new.bjc.ro\/index.php?rest_route=%2Fwp%2Fv2%2Ftags&post=10062"}],"curies":[{"name":"wp","href":"https:\/\/api.w.org\/{rel}","templated":true}]}}